{"id":1078,"date":"2020-01-14T20:57:55","date_gmt":"2020-01-14T20:57:55","guid":{"rendered":"https:\/\/federacionargentinadeajedrez.org\/?p=1078"},"modified":"2020-01-14T20:58:20","modified_gmt":"2020-01-14T20:58:20","slug":"sandro-mareco-el-balance-del-2019-fue-amargo-y-negativo-me-quedaron-muchas-dudas-en-mi-juego","status":"publish","type":"post","link":"https:\/\/federacionargentinadeajedrez.org\/?p=1078","title":{"rendered":"Sandro Mareco: \u201dEl balance del 2019 fue amargo y negativo; me quedaron muchas dudas en mi juego\u201d"},"content":{"rendered":"\n<p>Por Alan Mineo diario rugidosagrado.com<br><br>El mejor ajedrecista de Argentina, Sandro Mareco, convers\u00f3 con Rugidosagrado e hizo un balance del 2019, los puntos fuertes y d\u00e9biles en su juego y los objetivos para este a\u00f1o.<br><br><a href=\"http:\/\/rugidosagrado.com\/nota\/483\/sandro-mareco--el-balance-del-2019-fue-amargo-y-negativo--me-quedaron-muchas-dudas-en-mi-juego\" target=\"_blank\" rel=\"noreferrer noopener\" aria-label=\"Ver nota (se abre en una nueva pesta\u00f1a)\"><strong>Ver nota<\/strong><\/a><br><\/p>\n","protected":false},"excerpt":{"rendered":"<p>Por Alan Mineo diario rugidosagrado.com El mejor ajedrecista de Argentina, Sandro Mareco, convers\u00f3 con Rugidosagrado e hizo un balance del 2019, los puntos&hellip;<\/p>\n","protected":false},"author":1,"featured_media":0,"comment_status":"closed","ping_status":"closed","sticky":false,"template":"","format":"standard","meta":{"footnotes":""},"categories":[10],"tags":[],"class_list":["post-1078","post","type-post","status-publish","format-standard","hentry","category-ajedrez-en-los-medios"],"_links":{"self":[{"href":"https:\/\/federacionargentinadeajedrez.org\/index.php?rest_route=\/wp\/v2\/posts\/1078","targetHints":{"allow":["GET"]}}],"collection":[{"href":"https:\/\/federacionargentinadeajedrez.org\/index.php?rest_route=\/wp\/v2\/posts"}],"about":[{"href":"https:\/\/federacionargentinadeajedrez.org\/index.php?rest_route=\/wp\/v2\/types\/post"}],"author":[{"embeddable":true,"href":"https:\/\/federacionargentinadeajedrez.org\/index.php?rest_route=\/wp\/v2\/users\/1"}],"replies":[{"embeddable":true,"href":"https:\/\/federacionargentinadeajedrez.org\/index.php?rest_route=%2Fwp%2Fv2%2Fcomments&post=1078"}],"version-history":[{"count":2,"href":"https:\/\/federacionargentinadeajedrez.org\/index.php?rest_route=\/wp\/v2\/posts\/1078\/revisions"}],"predecessor-version":[{"id":1080,"href":"https:\/\/federacionargentinadeajedrez.org\/index.php?rest_route=\/wp\/v2\/posts\/1078\/revisions\/1080"}],"wp:attachment":[{"href":"https:\/\/federacionargentinadeajedrez.org\/index.php?rest_route=%2Fwp%2Fv2%2Fmedia&parent=1078"}],"wp:term":[{"taxonomy":"category","embeddable":true,"href":"https:\/\/federacionargentinadeajedrez.org\/index.php?rest_route=%2Fwp%2Fv2%2Fcategories&post=1078"},{"taxonomy":"post_tag","embeddable":true,"href":"https:\/\/federacionargentinadeajedrez.org\/index.php?rest_route=%2Fwp%2Fv2%2Ftags&post=1078"}],"curies":[{"name":"wp","href":"https:\/\/api.w.org\/{rel}","templated":true}]}}