{"id":2009,"date":"2020-07-28T01:22:41","date_gmt":"2020-07-28T01:22:41","guid":{"rendered":"https:\/\/federacionargentinadeajedrez.org\/?p=2009"},"modified":"2020-07-28T01:23:44","modified_gmt":"2020-07-28T01:23:44","slug":"dialogos-y-ajedrez-entrevista-al-gm-diego-valerga","status":"publish","type":"post","link":"https:\/\/federacionargentinadeajedrez.org\/?p=2009","title":{"rendered":"Di\u00e1logos y Ajedrez: Entrevista al GM Diego Valerga"},"content":{"rendered":"\n<p>ENTREVISTA ONLINE AL GM DIEGO VALERGA<\/p>\n\n\n\n<p>Di\u00e1logos y Ajedrez \ud83c\udfac\u265f\ufe0f<\/p>\n\n\n\n<p>Este Martes 28\/7 a las 20 hs no te pierdas la entrevista online al gran maestro DIEGO VALERGA por el periodista MARIANO ROA. <br>Durante esta entrevista conocer\u00e1s sobre su vida como m\u00e9dico pediatra, la gran pasi\u00f3n que tiene por el ajedrez y muchas cosas m\u00e1s.<\/p>\n\n\n\n<p>\u00a1No te la pierdas!<\/p>\n\n\n\n<p>Segu\u00ed el estreno en vivo por nuestras redes sociales.<\/p>\n\n\n\n<p>\ud83c\udfafFACEBOOK: bit.ly\/3jKU5ge<br>\ud83c\udfafYOUTUBE: www.youtube.com\/watch?v=wak1IHLs1IA<\/p>\n\n\n\n<figure class=\"wp-block-image size-large\"><img loading=\"lazy\" decoding=\"async\" width=\"880\" height=\"880\" src=\"https:\/\/federacionargentinadeajedrez.org\/wp-content\/uploads\/2020\/07\/valerga-roabaja.jpg\" alt=\"\" class=\"wp-image-2010\" srcset=\"https:\/\/federacionargentinadeajedrez.org\/wp-content\/uploads\/2020\/07\/valerga-roabaja.jpg 880w, https:\/\/federacionargentinadeajedrez.org\/wp-content\/uploads\/2020\/07\/valerga-roabaja-300x300.jpg 300w, https:\/\/federacionargentinadeajedrez.org\/wp-content\/uploads\/2020\/07\/valerga-roabaja-150x150.jpg 150w, https:\/\/federacionargentinadeajedrez.org\/wp-content\/uploads\/2020\/07\/valerga-roabaja-768x768.jpg 768w, https:\/\/federacionargentinadeajedrez.org\/wp-content\/uploads\/2020\/07\/valerga-roabaja-90x90.jpg 90w\" sizes=\"auto, (max-width: 880px) 100vw, 880px\" \/><\/figure>\n","protected":false},"excerpt":{"rendered":"<p>ENTREVISTA ONLINE AL GM DIEGO VALERGA Di\u00e1logos y Ajedrez \ud83c\udfac\u265f\ufe0f Este Martes 28\/7 a las 20 hs no te pierdas la entrevista online&hellip;<\/p>\n","protected":false},"author":1,"featured_media":2010,"comment_status":"closed","ping_status":"closed","sticky":false,"template":"","format":"standard","meta":{"footnotes":""},"categories":[7],"tags":[],"class_list":["post-2009","post","type-post","status-publish","format-standard","has-post-thumbnail","hentry","category-noticias-2020"],"_links":{"self":[{"href":"https:\/\/federacionargentinadeajedrez.org\/index.php?rest_route=\/wp\/v2\/posts\/2009","targetHints":{"allow":["GET"]}}],"collection":[{"href":"https:\/\/federacionargentinadeajedrez.org\/index.php?rest_route=\/wp\/v2\/posts"}],"about":[{"href":"https:\/\/federacionargentinadeajedrez.org\/index.php?rest_route=\/wp\/v2\/types\/post"}],"author":[{"embeddable":true,"href":"https:\/\/federacionargentinadeajedrez.org\/index.php?rest_route=\/wp\/v2\/users\/1"}],"replies":[{"embeddable":true,"href":"https:\/\/federacionargentinadeajedrez.org\/index.php?rest_route=%2Fwp%2Fv2%2Fcomments&post=2009"}],"version-history":[{"count":1,"href":"https:\/\/federacionargentinadeajedrez.org\/index.php?rest_route=\/wp\/v2\/posts\/2009\/revisions"}],"predecessor-version":[{"id":2011,"href":"https:\/\/federacionargentinadeajedrez.org\/index.php?rest_route=\/wp\/v2\/posts\/2009\/revisions\/2011"}],"wp:featuredmedia":[{"embeddable":true,"href":"https:\/\/federacionargentinadeajedrez.org\/index.php?rest_route=\/wp\/v2\/media\/2010"}],"wp:attachment":[{"href":"https:\/\/federacionargentinadeajedrez.org\/index.php?rest_route=%2Fwp%2Fv2%2Fmedia&parent=2009"}],"wp:term":[{"taxonomy":"category","embeddable":true,"href":"https:\/\/federacionargentinadeajedrez.org\/index.php?rest_route=%2Fwp%2Fv2%2Fcategories&post=2009"},{"taxonomy":"post_tag","embeddable":true,"href":"https:\/\/federacionargentinadeajedrez.org\/index.php?rest_route=%2Fwp%2Fv2%2Ftags&post=2009"}],"curies":[{"name":"wp","href":"https:\/\/api.w.org\/{rel}","templated":true}]}}