{"id":285,"date":"2019-06-03T21:43:33","date_gmt":"2019-06-03T21:43:33","guid":{"rendered":"https:\/\/federacionargentinadeajedrez.org\/?p=285"},"modified":"2019-06-03T21:43:35","modified_gmt":"2019-06-03T21:43:35","slug":"ventura-es-el-nuevo-presidente-de-condepa","status":"publish","type":"post","link":"https:\/\/federacionargentinadeajedrez.org\/?p=285","title":{"rendered":"Ventura es el nuevo presidente de CONDEPA"},"content":{"rendered":"\n<p>El viernes 31 de mayo se llev\u00f3 a cabo en la sede de la Confederaci\u00f3n Argentina de Bochas la Asamblea General Ordinaria de CONDEPA en la que Daniel Ventura fue elegido como nuevo presidente.<\/p>\n\n\n\n<p>Ventura, actual presidente de la Confederaci\u00f3n Argentina de Patinaje, reemplaza a Juan Antonio Guti\u00e9rrez quien renunci\u00f3 al cargo.<\/p>\n\n\n\n<p>En la Asamblea se realiz\u00f3 adem\u00e1s la elecci\u00f3n de otros integrantes del Consejo Directivo que qued\u00f3 conformado de la siguiente manera:<\/p>\n\n\n\n<p><strong><em>Presidente<\/em><\/strong>: Daniel Ventura (Patinaje) <\/p>\n\n\n\n<p><strong><em>Vicepresidente 1\u00b0<\/em><\/strong>: Ricardo L\u00f3pez Correa (UFEDEM)<\/p>\n\n\n\n<p><strong><em>Vicepresidente 2\u00b0<\/em><\/strong>: Oscar Nicastro (Padel)<\/p>\n\n\n\n<p><strong><em>Vicepresidente 3\u00b0<\/em><\/strong>: Sandra Isola (Hockey sobre C\u00e9sped y Pista) <strong><em>Vicepresidente 4\u00b0<\/em><\/strong>: Mariano Rodr\u00edguez Giesso (Ski y Andinismo) <\/p>\n\n\n\n<p><strong><em>Secretario General<\/em><\/strong>: H\u00e9ctor Limardo (Bochas)<\/p>\n\n\n\n<p><strong><em>Prosecretario General<\/em><\/strong>: Carlos Portas (Handball)<\/p>\n\n\n\n<p><strong>Secretario de Actas<\/strong>: Esteban Gonz\u00e1lez (Pat\u00edn)<\/p>\n\n\n\n<p><strong><em>Tesorero<\/em><\/strong>: Marta Nicastro (Padel)<\/p>\n\n\n\n<p><strong><em>Protesorero<\/em><\/strong>: Bernardo Vleminchx (Deportistas por la Diversidad) <\/p>\n\n\n\n<p><strong><em>Vocales Titulares<\/em><\/strong>:<\/p>\n\n\n\n<p>Jorge Cattaneo (Confederaci\u00f3n de Deportes de C\u00f3rdoba) <\/p>\n\n\n\n<p>Jos\u00e9 Mar\u00eda Valladares (Comit\u00e9 Paral\u00edmpico Argentino)<\/p>\n\n\n\n<p>Luis Romio (Box)<\/p>\n\n\n\n<p>Laura Martinel (Judo)<\/p>\n\n\n\n<p>Humberto Pagano (Confederaci\u00f3n Mendocina de Deportes)<\/p>\n\n\n\n<p>Andr\u00e9s Nieto (Squash Rackets)<\/p>\n\n\n\n<p>Mabel Roca (Netball)<\/p>\n\n\n\n<p>Sergio Mart\u00edn Mart\u00edn (B\u00e9isbol) <\/p>\n\n\n\n<p>Jorge Monje (Paracaidismo)<\/p>\n\n\n\n<p>Antonio Bachmann (APAOA) <\/p>\n\n\n\n<p>Ra\u00fal Sabbatini (B\u00e1dminton)<\/p>\n\n\n\n<p>Mario Petrucci (Ajedrez)<\/p>\n\n\n\n<p>Jacinto Cipriota (Softbol)<\/p>\n\n\n\n<p>Daniel Castro V\u00e1zquez (Consejo Prof. Ciencias Econ\u00f3micas)<\/p>\n\n\n\n<p><strong><em>Vocales Suplentes<\/em>:<\/strong><\/p>\n\n\n\n<p>Federico Casper (Remo)<\/p>\n\n\n\n<p>Luis Noon (Pelota)<\/p>\n\n\n\n<p>N\u00e9stor Tenca (Tenis de Mesa)<\/p>\n\n\n\n<p>Ignacio Gontan (Taekwondo)<\/p>\n\n\n\n<p><strong><em>Junta Fiscalizadora Titular<\/em><\/strong>: <\/p>\n\n\n\n<p>Jorge Renosto (Esqu\u00ed N\u00e1utico)<\/p>\n\n\n\n<p>Jos\u00e9 Mar\u00eda Cuadrillero (Voley)<\/p>\n\n\n\n<p>Ram\u00f3n Vallejos (Confederaci\u00f3n Correntina de Deportes) <\/p>\n\n\n\n<p><strong><em>Junta Fiscalizadora Suplente<\/em><\/strong>:<\/p>\n\n\n\n<p>Sergio V\u00edctor Groupierre (Esgrima)<\/p>\n\n\n\n<p>Guillermo Filipi (Pentathlon) <\/p>\n\n\n\n<p><br><\/p>\n","protected":false},"excerpt":{"rendered":"<p>El viernes 31 de mayo se llev\u00f3 a cabo en la sede de la Confederaci\u00f3n Argentina de Bochas la Asamblea General Ordinaria de&hellip;<\/p>\n","protected":false},"author":1,"featured_media":286,"comment_status":"closed","ping_status":"closed","sticky":false,"template":"","format":"standard","meta":{"footnotes":""},"categories":[5],"tags":[],"class_list":["post-285","post","type-post","status-publish","format-standard","has-post-thumbnail","hentry","category-noticias-2019"],"_links":{"self":[{"href":"https:\/\/federacionargentinadeajedrez.org\/index.php?rest_route=\/wp\/v2\/posts\/285","targetHints":{"allow":["GET"]}}],"collection":[{"href":"https:\/\/federacionargentinadeajedrez.org\/index.php?rest_route=\/wp\/v2\/posts"}],"about":[{"href":"https:\/\/federacionargentinadeajedrez.org\/index.php?rest_route=\/wp\/v2\/types\/post"}],"author":[{"embeddable":true,"href":"https:\/\/federacionargentinadeajedrez.org\/index.php?rest_route=\/wp\/v2\/users\/1"}],"replies":[{"embeddable":true,"href":"https:\/\/federacionargentinadeajedrez.org\/index.php?rest_route=%2Fwp%2Fv2%2Fcomments&post=285"}],"version-history":[{"count":1,"href":"https:\/\/federacionargentinadeajedrez.org\/index.php?rest_route=\/wp\/v2\/posts\/285\/revisions"}],"predecessor-version":[{"id":287,"href":"https:\/\/federacionargentinadeajedrez.org\/index.php?rest_route=\/wp\/v2\/posts\/285\/revisions\/287"}],"wp:featuredmedia":[{"embeddable":true,"href":"https:\/\/federacionargentinadeajedrez.org\/index.php?rest_route=\/wp\/v2\/media\/286"}],"wp:attachment":[{"href":"https:\/\/federacionargentinadeajedrez.org\/index.php?rest_route=%2Fwp%2Fv2%2Fmedia&parent=285"}],"wp:term":[{"taxonomy":"category","embeddable":true,"href":"https:\/\/federacionargentinadeajedrez.org\/index.php?rest_route=%2Fwp%2Fv2%2Fcategories&post=285"},{"taxonomy":"post_tag","embeddable":true,"href":"https:\/\/federacionargentinadeajedrez.org\/index.php?rest_route=%2Fwp%2Fv2%2Ftags&post=285"}],"curies":[{"name":"wp","href":"https:\/\/api.w.org\/{rel}","templated":true}]}}