{"id":2918,"date":"2021-04-11T17:13:00","date_gmt":"2021-04-11T17:13:00","guid":{"rendered":"https:\/\/federacionargentinadeajedrez.org\/?p=2918"},"modified":"2021-04-19T17:14:07","modified_gmt":"2021-04-19T17:14:07","slug":"escuelas-sindicales-de-ajedrez-se-renueva-el-convenio-entre-fada-y-uthgra","status":"publish","type":"post","link":"https:\/\/federacionargentinadeajedrez.org\/?p=2918","title":{"rendered":"Escuelas Sindicales de Ajedrez: Se renueva el convenio entre FADA y UTHGRA"},"content":{"rendered":"\n<p>El presidente de la Federaci\u00f3n Argentina de Ajedrez, Ing. Mario Petrucci y el Secretario General de la Uni\u00f3n de Trabajadores del Turismo, Hoteleros y Gastron\u00f3micos de la Rep\u00fablica Argentina, Jos\u00e9 Luis Barrionuevo, suscribieron la renovaci\u00f3n del convenio para el desarrollo de las Escuelas Sindicales de Ajedrez de la UTHGRA. El objetivo de las escuelas de ajedrez es acercar a los afiliados e hijos de afiliados a la UTHGRA a la practica de nuestra disciplina.<br><br>UTHGRA propone la incorporaci\u00f3n del ajedrez en la familia gastron\u00f3mica como una estrategia de inclusi\u00f3n socio-educativa para los ni\u00f1os, j\u00f3venes y adultos,  ya que desde su Secretaria de Cultura a cargo de Alejandra Gayoso tienen como responsabilidad social promover el derecho a aprender y brindar espacios y herramientas a sus afiliados.<br><br>La pr\u00e1ctica del ajedrez fomenta aspectos intelectuales y recreativos de aquellos que lo practican, al tiempo que brinda un marco adecuado para la socializaci\u00f3n y para la incorporaci\u00f3n de pautas y respeto de normas.<br><br>La FADA fundamenta su dise\u00f1o curricular concibiendo al conocimiento cient\u00edfico y el saber cultural como construcciones colectivas, en consonancia con dicho fundamento, la UTHGRA busca que desde la Escuela Sindical de Ajedrez se transmita una concepci\u00f3n de ciencia y de cultura como fruto del trabajo humano.<br><br>Agradecemos a todos y todas los que hacen posible el desarrollo de esta actividad.<br><\/p>\n\n\n\n<figure class=\"wp-block-gallery columns-3 is-cropped wp-block-gallery-1 is-layout-flex wp-block-gallery-is-layout-flex\"><ul class=\"blocks-gallery-grid\"><li class=\"blocks-gallery-item\"><figure><img loading=\"lazy\" decoding=\"async\" width=\"960\" height=\"640\" src=\"https:\/\/federacionargentinadeajedrez.org\/wp-content\/uploads\/2021\/04\/convenioutghra21.jpg\" alt=\"\" data-id=\"2919\" data-full-url=\"https:\/\/federacionargentinadeajedrez.org\/wp-content\/uploads\/2021\/04\/convenioutghra21.jpg\" data-link=\"https:\/\/federacionargentinadeajedrez.org\/?attachment_id=2919\" class=\"wp-image-2919\" srcset=\"https:\/\/federacionargentinadeajedrez.org\/wp-content\/uploads\/2021\/04\/convenioutghra21.jpg 960w, https:\/\/federacionargentinadeajedrez.org\/wp-content\/uploads\/2021\/04\/convenioutghra21-300x200.jpg 300w, https:\/\/federacionargentinadeajedrez.org\/wp-content\/uploads\/2021\/04\/convenioutghra21-768x512.jpg 768w\" sizes=\"auto, (max-width: 960px) 100vw, 960px\" \/><figcaption class=\"blocks-gallery-item__caption\">El presidente de FADA junto a Luis Barrionuevo Secretario General de UTHGRA. Ademas en esta foto se encuentran presentes Alejandra Gayoso Sec. de Cultura de UTHGRA y Hector Fiori Sec. de FADA y director de las Escuelas Sindicales.<\/figcaption><\/figure><\/li><li class=\"blocks-gallery-item\"><figure><img loading=\"lazy\" decoding=\"async\" width=\"960\" height=\"640\" src=\"https:\/\/federacionargentinadeajedrez.org\/wp-content\/uploads\/2021\/04\/conveniouthgra212.jpg\" alt=\"\" data-id=\"2920\" data-full-url=\"https:\/\/federacionargentinadeajedrez.org\/wp-content\/uploads\/2021\/04\/conveniouthgra212.jpg\" data-link=\"https:\/\/federacionargentinadeajedrez.org\/?attachment_id=2920\" class=\"wp-image-2920\" srcset=\"https:\/\/federacionargentinadeajedrez.org\/wp-content\/uploads\/2021\/04\/conveniouthgra212.jpg 960w, https:\/\/federacionargentinadeajedrez.org\/wp-content\/uploads\/2021\/04\/conveniouthgra212-300x200.jpg 300w, https:\/\/federacionargentinadeajedrez.org\/wp-content\/uploads\/2021\/04\/conveniouthgra212-768x512.jpg 768w\" sizes=\"auto, (max-width: 960px) 100vw, 960px\" \/><figcaption class=\"blocks-gallery-item__caption\">Firma del Convenio 2021.<\/figcaption><\/figure><\/li><li class=\"blocks-gallery-item\"><figure><img loading=\"lazy\" decoding=\"async\" width=\"960\" height=\"648\" src=\"https:\/\/federacionargentinadeajedrez.org\/wp-content\/uploads\/2021\/04\/conveniouthgra213.jpg\" alt=\"\" data-id=\"2921\" data-full-url=\"https:\/\/federacionargentinadeajedrez.org\/wp-content\/uploads\/2021\/04\/conveniouthgra213.jpg\" data-link=\"https:\/\/federacionargentinadeajedrez.org\/?attachment_id=2921\" class=\"wp-image-2921\" srcset=\"https:\/\/federacionargentinadeajedrez.org\/wp-content\/uploads\/2021\/04\/conveniouthgra213.jpg 960w, https:\/\/federacionargentinadeajedrez.org\/wp-content\/uploads\/2021\/04\/conveniouthgra213-300x203.jpg 300w, https:\/\/federacionargentinadeajedrez.org\/wp-content\/uploads\/2021\/04\/conveniouthgra213-768x518.jpg 768w\" sizes=\"auto, (max-width: 960px) 100vw, 960px\" \/><figcaption class=\"blocks-gallery-item__caption\">Alejandra Gayoso junto a Luis Barrionuevo.<\/figcaption><\/figure><\/li><li class=\"blocks-gallery-item\"><figure><img loading=\"lazy\" decoding=\"async\" width=\"960\" height=\"616\" src=\"https:\/\/federacionargentinadeajedrez.org\/wp-content\/uploads\/2021\/04\/conveniouthgra223.jpg\" alt=\"\" data-id=\"2922\" data-full-url=\"https:\/\/federacionargentinadeajedrez.org\/wp-content\/uploads\/2021\/04\/conveniouthgra223.jpg\" data-link=\"https:\/\/federacionargentinadeajedrez.org\/?attachment_id=2922\" class=\"wp-image-2922\" srcset=\"https:\/\/federacionargentinadeajedrez.org\/wp-content\/uploads\/2021\/04\/conveniouthgra223.jpg 960w, https:\/\/federacionargentinadeajedrez.org\/wp-content\/uploads\/2021\/04\/conveniouthgra223-300x193.jpg 300w, https:\/\/federacionargentinadeajedrez.org\/wp-content\/uploads\/2021\/04\/conveniouthgra223-768x493.jpg 768w\" sizes=\"auto, (max-width: 960px) 100vw, 960px\" \/><\/figure><\/li><\/ul><\/figure>\n","protected":false},"excerpt":{"rendered":"<p>El presidente de la Federaci\u00f3n Argentina de Ajedrez, Ing. Mario Petrucci y el Secretario General de la Uni\u00f3n de Trabajadores del Turismo, Hoteleros&hellip;<\/p>\n","protected":false},"author":1,"featured_media":2919,"comment_status":"closed","ping_status":"closed","sticky":false,"template":"","format":"standard","meta":{"footnotes":""},"categories":[15,13,11],"tags":[],"class_list":["post-2918","post","type-post","status-publish","format-standard","has-post-thumbnail","hentry","category-noticias-2021","category-noticias-destacadas","category-presencia-institucional"],"_links":{"self":[{"href":"https:\/\/federacionargentinadeajedrez.org\/index.php?rest_route=\/wp\/v2\/posts\/2918","targetHints":{"allow":["GET"]}}],"collection":[{"href":"https:\/\/federacionargentinadeajedrez.org\/index.php?rest_route=\/wp\/v2\/posts"}],"about":[{"href":"https:\/\/federacionargentinadeajedrez.org\/index.php?rest_route=\/wp\/v2\/types\/post"}],"author":[{"embeddable":true,"href":"https:\/\/federacionargentinadeajedrez.org\/index.php?rest_route=\/wp\/v2\/users\/1"}],"replies":[{"embeddable":true,"href":"https:\/\/federacionargentinadeajedrez.org\/index.php?rest_route=%2Fwp%2Fv2%2Fcomments&post=2918"}],"version-history":[{"count":1,"href":"https:\/\/federacionargentinadeajedrez.org\/index.php?rest_route=\/wp\/v2\/posts\/2918\/revisions"}],"predecessor-version":[{"id":2923,"href":"https:\/\/federacionargentinadeajedrez.org\/index.php?rest_route=\/wp\/v2\/posts\/2918\/revisions\/2923"}],"wp:featuredmedia":[{"embeddable":true,"href":"https:\/\/federacionargentinadeajedrez.org\/index.php?rest_route=\/wp\/v2\/media\/2919"}],"wp:attachment":[{"href":"https:\/\/federacionargentinadeajedrez.org\/index.php?rest_route=%2Fwp%2Fv2%2Fmedia&parent=2918"}],"wp:term":[{"taxonomy":"category","embeddable":true,"href":"https:\/\/federacionargentinadeajedrez.org\/index.php?rest_route=%2Fwp%2Fv2%2Fcategories&post=2918"},{"taxonomy":"post_tag","embeddable":true,"href":"https:\/\/federacionargentinadeajedrez.org\/index.php?rest_route=%2Fwp%2Fv2%2Ftags&post=2918"}],"curies":[{"name":"wp","href":"https:\/\/api.w.org\/{rel}","templated":true}]}}