{"id":3016,"date":"2021-04-03T16:33:00","date_gmt":"2021-04-03T16:33:00","guid":{"rendered":"https:\/\/federacionargentinadeajedrez.org\/?p=3016"},"modified":"2021-05-03T16:33:29","modified_gmt":"2021-05-03T16:33:29","slug":"fade-celebra-sus-tres-anos-de-vida","status":"publish","type":"post","link":"https:\/\/federacionargentinadeajedrez.org\/?p=3016","title":{"rendered":"FADE celebra sus tres a\u00f1os de vida"},"content":{"rendered":"\n<p>La Federaci\u00f3n Argentina del Deporte Escolar naci\u00f3 el 26 de Abril del 2018 con el objetivo de trabajar por los valores educativos del deporte en edad escolar y representar a nivel internacional a nuestro pa\u00eds; los tres a\u00f1os de vida llegan con un balance \u201cmuy positivo\u201d seg\u00fan su presidente, Leonardo Troncoso.<\/p>\n\n\n\n<p>La FADE representa a Argentina en la Federaci\u00f3n Internacional de Deporte Escolar (ISF), entidad reconocida por el Comit\u00e9 Olimpico Internacional que promueve los valores e intereses de la educaci\u00f3n a trav\u00e9s del deporte. Entre sus principales pilares se destacan el derecho de los j\u00f3venes y adolescentes a la realizaci\u00f3n de actividades deportivas; la ense\u00f1anza y el desarrollo del deporte como un saber socialmente significativo; asesorar y acompa\u00f1ar toda propuesta que garantice la articulaci\u00f3n de pol\u00edticas p\u00fablicas donde el Deporte Escolar sea un instrumento fundamental para el desarrollo integral de toda esa franja etaria (13 a 19 a\u00f1os); y fomentar la construcci\u00f3n y el mantenimiento de una infraestructura deportiva adecuada al deporte escolar, de libre acceso y utilizaci\u00f3n.<\/p>\n\n\n\n<p>\u201cHaber conformado la Federaci\u00f3n es un sue\u00f1o hecho realidad. Le dedicamos mucho tiempo, trabajo, compromiso e imaginaci\u00f3n a la misma, siempre con vistas a poner en valor dos cuestiones fundamentales: la educaci\u00f3n y el deporte\u201d, afirma Leo Troncoso. Y agrega: \u201cEl balance de este tiempo es muy positivo. Seguimos planificando distintos proyectos a pesar de la pandemia\u201d.<\/p>\n\n\n\n<p>Estos a\u00f1os para la Federaci\u00f3n muestran gran cantidad de logros colectivos que vale la pena destacar. Sin ir m\u00e1s lejos, en octubre de 2020, la joven ajedrecista Candela Francisco Guecamburu (Circulo de Villa Martelli) obtuvo el segundo lugar en el Mundial Escolar realizado de forma virtual. Adem\u00e1s, el organismo comandado por Leo Troncoso fue invitado en varias ocasiones a participar de programas y reuniones con la Federaci\u00f3n Internacional de Deporte Escolar (ISF), articula con la Provincia de Buenos Aires y la direcci\u00f3n de Educacion Fisica distintas acciones anuales, firma convenios y actas de acuerdo con distintos municipios y se re\u00fane frecuentemente con las autoridades de la Secretaria de Deportes de la Naci\u00f3n.<\/p>\n\n\n\n<p>Por otra parte, la relaci\u00f3n entre la FADE y la FADA (Federaci\u00f3n de Ajedrez de Argentina) atraviesa un muy buen momento, puesto que, desde hace tiempo tienen firmado un convenio de colaboraci\u00f3n mutua, en pos de que ambas instituciones se vean fortalecidas con acciones en conjunto. \u201cMario Petrucci es un gran amigo y le hace muy bien al deporte. Su compromiso es total y su trabajo, arduo. Cuando tuve la posibilidad de armar la Federaci\u00f3n, no dud\u00f3 en apoyarme\u201d, concluy\u00f3 Leo Troncoso.<\/p>\n","protected":false},"excerpt":{"rendered":"<p>La Federaci\u00f3n Argentina del Deporte Escolar naci\u00f3 el 26 de Abril del 2018 con el objetivo de trabajar por los valores educativos del&hellip;<\/p>\n","protected":false},"author":1,"featured_media":3017,"comment_status":"closed","ping_status":"closed","sticky":false,"template":"","format":"standard","meta":{"footnotes":""},"categories":[11],"tags":[],"class_list":["post-3016","post","type-post","status-publish","format-standard","has-post-thumbnail","hentry","category-presencia-institucional"],"_links":{"self":[{"href":"https:\/\/federacionargentinadeajedrez.org\/index.php?rest_route=\/wp\/v2\/posts\/3016","targetHints":{"allow":["GET"]}}],"collection":[{"href":"https:\/\/federacionargentinadeajedrez.org\/index.php?rest_route=\/wp\/v2\/posts"}],"about":[{"href":"https:\/\/federacionargentinadeajedrez.org\/index.php?rest_route=\/wp\/v2\/types\/post"}],"author":[{"embeddable":true,"href":"https:\/\/federacionargentinadeajedrez.org\/index.php?rest_route=\/wp\/v2\/users\/1"}],"replies":[{"embeddable":true,"href":"https:\/\/federacionargentinadeajedrez.org\/index.php?rest_route=%2Fwp%2Fv2%2Fcomments&post=3016"}],"version-history":[{"count":1,"href":"https:\/\/federacionargentinadeajedrez.org\/index.php?rest_route=\/wp\/v2\/posts\/3016\/revisions"}],"predecessor-version":[{"id":3018,"href":"https:\/\/federacionargentinadeajedrez.org\/index.php?rest_route=\/wp\/v2\/posts\/3016\/revisions\/3018"}],"wp:featuredmedia":[{"embeddable":true,"href":"https:\/\/federacionargentinadeajedrez.org\/index.php?rest_route=\/wp\/v2\/media\/3017"}],"wp:attachment":[{"href":"https:\/\/federacionargentinadeajedrez.org\/index.php?rest_route=%2Fwp%2Fv2%2Fmedia&parent=3016"}],"wp:term":[{"taxonomy":"category","embeddable":true,"href":"https:\/\/federacionargentinadeajedrez.org\/index.php?rest_route=%2Fwp%2Fv2%2Fcategories&post=3016"},{"taxonomy":"post_tag","embeddable":true,"href":"https:\/\/federacionargentinadeajedrez.org\/index.php?rest_route=%2Fwp%2Fv2%2Ftags&post=3016"}],"curies":[{"name":"wp","href":"https:\/\/api.w.org\/{rel}","templated":true}]}}