{"id":3040,"date":"2021-05-14T19:59:35","date_gmt":"2021-05-14T19:59:35","guid":{"rendered":"https:\/\/federacionargentinadeajedrez.org\/?p=3040"},"modified":"2021-05-14T21:24:43","modified_gmt":"2021-05-14T21:24:43","slug":"condolecias-fallecimiento-daniel-morelli","status":"publish","type":"post","link":"https:\/\/federacionargentinadeajedrez.org\/?p=3040","title":{"rendered":"Adi\u00f3s a Daniel Morelli"},"content":{"rendered":"\n<figure class=\"wp-block-image size-large\"><img loading=\"lazy\" decoding=\"async\" width=\"1024\" height=\"1024\" src=\"https:\/\/federacionargentinadeajedrez.org\/wp-content\/uploads\/2021\/05\/morellibaja-1024x1024.jpg\" alt=\"\" class=\"wp-image-3041\" srcset=\"https:\/\/federacionargentinadeajedrez.org\/wp-content\/uploads\/2021\/05\/morellibaja-1024x1024.jpg 1024w, https:\/\/federacionargentinadeajedrez.org\/wp-content\/uploads\/2021\/05\/morellibaja-300x300.jpg 300w, https:\/\/federacionargentinadeajedrez.org\/wp-content\/uploads\/2021\/05\/morellibaja-150x150.jpg 150w, https:\/\/federacionargentinadeajedrez.org\/wp-content\/uploads\/2021\/05\/morellibaja-768x768.jpg 768w, https:\/\/federacionargentinadeajedrez.org\/wp-content\/uploads\/2021\/05\/morellibaja.jpg 1280w\" sizes=\"auto, (max-width: 1024px) 100vw, 1024px\" \/><\/figure>\n\n\n\n<p>La Federaci\u00f3n de Ajedrez de Ajedrez, lamenta con profundo pesar el fallecimiento de Daniel Morelli miembro de la Comisi\u00f3n Paral\u00edmpica de FADA.<\/p>\n\n\n\n<p>Daniel quien falleci\u00f3 por causas de COVID19 era oriundo de San Luis, fue una persona muy querida dentro de nuestro ambiente que adem\u00e1s de desempe\u00f1ar una destacada carrera como jugador y docente organiz\u00f3 junto a la WGM Claudia Amura los m\u00e1s importantes torneos internacionales para ciegos y disminuidos visuales, presidi\u00f3 ACUA AJEDRECISTAS CIEGOS UNIDOS DE ARGENTINA (Entidad reconocida por FADA) en reemplazo de uno de sus fundadores AI Mario Zilli, fue presidente internacional del Ajedrez de Braille Sudam\u00e9rica y fue un gran colaborador para formar el primer equipo paral\u00edmpico argentino de ajedrez  que nos represento en la \u00faltima olimpiada 2020, esta quiz\u00e1s una de sus mayores satisfacciones, ver a un equipo argentino participando del evento internacional m\u00e1s importante.<\/p>\n\n\n\n<p>En este doloroso momento enviamos nuestras condolencias a su familia y todos sus seres queridos.<br><br><br><\/p>\n","protected":false},"excerpt":{"rendered":"<p>La Federaci\u00f3n de Ajedrez de Ajedrez, lamenta con profundo pesar el fallecimiento de Daniel Morelli miembro de la Comisi\u00f3n Paral\u00edmpica de FADA. Daniel&hellip;<\/p>\n","protected":false},"author":1,"featured_media":3041,"comment_status":"closed","ping_status":"closed","sticky":false,"template":"","format":"standard","meta":{"footnotes":""},"categories":[15,13],"tags":[],"class_list":["post-3040","post","type-post","status-publish","format-standard","has-post-thumbnail","hentry","category-noticias-2021","category-noticias-destacadas"],"_links":{"self":[{"href":"https:\/\/federacionargentinadeajedrez.org\/index.php?rest_route=\/wp\/v2\/posts\/3040","targetHints":{"allow":["GET"]}}],"collection":[{"href":"https:\/\/federacionargentinadeajedrez.org\/index.php?rest_route=\/wp\/v2\/posts"}],"about":[{"href":"https:\/\/federacionargentinadeajedrez.org\/index.php?rest_route=\/wp\/v2\/types\/post"}],"author":[{"embeddable":true,"href":"https:\/\/federacionargentinadeajedrez.org\/index.php?rest_route=\/wp\/v2\/users\/1"}],"replies":[{"embeddable":true,"href":"https:\/\/federacionargentinadeajedrez.org\/index.php?rest_route=%2Fwp%2Fv2%2Fcomments&post=3040"}],"version-history":[{"count":3,"href":"https:\/\/federacionargentinadeajedrez.org\/index.php?rest_route=\/wp\/v2\/posts\/3040\/revisions"}],"predecessor-version":[{"id":3045,"href":"https:\/\/federacionargentinadeajedrez.org\/index.php?rest_route=\/wp\/v2\/posts\/3040\/revisions\/3045"}],"wp:featuredmedia":[{"embeddable":true,"href":"https:\/\/federacionargentinadeajedrez.org\/index.php?rest_route=\/wp\/v2\/media\/3041"}],"wp:attachment":[{"href":"https:\/\/federacionargentinadeajedrez.org\/index.php?rest_route=%2Fwp%2Fv2%2Fmedia&parent=3040"}],"wp:term":[{"taxonomy":"category","embeddable":true,"href":"https:\/\/federacionargentinadeajedrez.org\/index.php?rest_route=%2Fwp%2Fv2%2Fcategories&post=3040"},{"taxonomy":"post_tag","embeddable":true,"href":"https:\/\/federacionargentinadeajedrez.org\/index.php?rest_route=%2Fwp%2Fv2%2Ftags&post=3040"}],"curies":[{"name":"wp","href":"https:\/\/api.w.org\/{rel}","templated":true}]}}