{"id":3096,"date":"2021-06-01T20:32:53","date_gmt":"2021-06-01T20:32:53","guid":{"rendered":"https:\/\/federacionargentinadeajedrez.org\/?p=3096"},"modified":"2021-06-01T20:35:11","modified_gmt":"2021-06-01T20:35:11","slug":"video-memoria-fada-agosto-2019-julio-2020","status":"publish","type":"post","link":"https:\/\/federacionargentinadeajedrez.org\/?p=3096","title":{"rendered":"Video: Memoria FADA agosto 2019 Julio 2020"},"content":{"rendered":"\n<p>A continuaci\u00f3n compartimos la memoria presentada en la asamblea que se realizo el \u00faltimo sabado 29 de mayo.<br><br>La presente es una memoria muy particular, ya que sus primeros siete meses, desde agosto 2019 hasta febrero 2020, incluyen el mismo tipo de torneos que cualquier otra memoria similar. Sin embargo, los \u00faltimos cinco meses, desde marzo hasta julio de 2020, son los primeros meses de la pandemia. Por lo tanto, a partir de all\u00ed, tendremos solo torneos online. As\u00ed fue como FADA logr\u00f3 mantener la actividad, aunque por supuesto, de un modo muy diferente al habitual.<br><br><\/p>\n\n\n\n<figure class=\"wp-block-embed is-type-video is-provider-youtube wp-block-embed-youtube wp-embed-aspect-16-9 wp-has-aspect-ratio\"><div class=\"wp-block-embed__wrapper\">\nhttps:\/\/youtu.be\/R85lNmB6vPQ\n<\/div><\/figure>\n","protected":false},"excerpt":{"rendered":"<p>A continuaci\u00f3n compartimos la memoria presentada en la asamblea que se realizo el \u00faltimo sabado 29 de mayo. La presente es una memoria&hellip;<\/p>\n","protected":false},"author":1,"featured_media":2995,"comment_status":"closed","ping_status":"closed","sticky":false,"template":"","format":"standard","meta":{"footnotes":""},"categories":[15,11],"tags":[],"class_list":["post-3096","post","type-post","status-publish","format-standard","has-post-thumbnail","hentry","category-noticias-2021","category-presencia-institucional"],"_links":{"self":[{"href":"https:\/\/federacionargentinadeajedrez.org\/index.php?rest_route=\/wp\/v2\/posts\/3096","targetHints":{"allow":["GET"]}}],"collection":[{"href":"https:\/\/federacionargentinadeajedrez.org\/index.php?rest_route=\/wp\/v2\/posts"}],"about":[{"href":"https:\/\/federacionargentinadeajedrez.org\/index.php?rest_route=\/wp\/v2\/types\/post"}],"author":[{"embeddable":true,"href":"https:\/\/federacionargentinadeajedrez.org\/index.php?rest_route=\/wp\/v2\/users\/1"}],"replies":[{"embeddable":true,"href":"https:\/\/federacionargentinadeajedrez.org\/index.php?rest_route=%2Fwp%2Fv2%2Fcomments&post=3096"}],"version-history":[{"count":1,"href":"https:\/\/federacionargentinadeajedrez.org\/index.php?rest_route=\/wp\/v2\/posts\/3096\/revisions"}],"predecessor-version":[{"id":3097,"href":"https:\/\/federacionargentinadeajedrez.org\/index.php?rest_route=\/wp\/v2\/posts\/3096\/revisions\/3097"}],"wp:featuredmedia":[{"embeddable":true,"href":"https:\/\/federacionargentinadeajedrez.org\/index.php?rest_route=\/wp\/v2\/media\/2995"}],"wp:attachment":[{"href":"https:\/\/federacionargentinadeajedrez.org\/index.php?rest_route=%2Fwp%2Fv2%2Fmedia&parent=3096"}],"wp:term":[{"taxonomy":"category","embeddable":true,"href":"https:\/\/federacionargentinadeajedrez.org\/index.php?rest_route=%2Fwp%2Fv2%2Fcategories&post=3096"},{"taxonomy":"post_tag","embeddable":true,"href":"https:\/\/federacionargentinadeajedrez.org\/index.php?rest_route=%2Fwp%2Fv2%2Ftags&post=3096"}],"curies":[{"name":"wp","href":"https:\/\/api.w.org\/{rel}","templated":true}]}}