{"id":3113,"date":"2021-06-12T18:54:05","date_gmt":"2021-06-12T18:54:05","guid":{"rendered":"https:\/\/federacionargentinadeajedrez.org\/?p=3113"},"modified":"2021-06-20T05:39:54","modified_gmt":"2021-06-20T05:39:54","slug":"reunion-del-presidente-de-fada-con-el-ministro-lammens","status":"publish","type":"post","link":"https:\/\/federacionargentinadeajedrez.org\/?p=3113","title":{"rendered":"Reuni\u00f3n del presidente de FADA con el ministro Lammens"},"content":{"rendered":"\n<p><br>El d\u00eda viernes 11 de junio, mantuve una reuni\u00f3n con el Ministro de Turismo y Deportes Mat\u00edas Lammens, con el objetivo de resolver distintos temas y presentar algunos proyectos de nuestra federaci\u00f3n.<br><br><strong>En primer lugar solicit\u00e9 mediante nota, la gesti\u00f3n del ministro para que los representantes clasificados en la burbuja de FADA del torneo continental puedan recibir la vacuna contra el COVID19 antes del viaje a Sochi \/ Rusia, destacando la importancia de que nuestros atletas est\u00e9n vacunados<\/strong>. Se convers\u00f3 sobre el desarrollo del formato HIBRIDO durante el torneo Panamericano Continental. El ministro dio conformidad al pedido e inici\u00f3 las gestiones para que nuestros atletas se puedan vacunar, solicitando a nuestra federaci\u00f3n datos e informes complementarios los cuales ya fueron enviados. Quedamos a la espera de la resoluci\u00f3n positiva a nuestra solicitud y fecha fehaciente de vacunaci\u00f3n la que se realizara en el Hospital Nacional Garraham.<br><br>Quiero destacar el inter\u00e9s y colaboraci\u00f3n de Federico P\u00e9rez Ponsa y Carolina Luj\u00e1n quienes tambi\u00e9n realizaron gestiones ante FADA y otras autoridades de manera institucional y por los canales correspondientes para que toda la delegaci\u00f3n pueda recibir la vacuna contra el COVID19.<\/p>\n\n\n\n<div class=\"wp-block-image\"><figure class=\"aligncenter size-large\"><img loading=\"lazy\" decoding=\"async\" width=\"679\" height=\"609\" src=\"https:\/\/federacionargentinadeajedrez.org\/wp-content\/uploads\/2021\/06\/lammens1mario.jpg\" alt=\"\" class=\"wp-image-3122\" srcset=\"https:\/\/federacionargentinadeajedrez.org\/wp-content\/uploads\/2021\/06\/lammens1mario.jpg 679w, https:\/\/federacionargentinadeajedrez.org\/wp-content\/uploads\/2021\/06\/lammens1mario-300x269.jpg 300w\" sizes=\"auto, (max-width: 679px) 100vw, 679px\" \/><figcaption>El presidente de fada le obsequia al ministro Mat\u00edas Lammens la camiseta del seleccionado argentino de ajedrez.<\/figcaption><\/figure><\/div>\n\n\n\n<p>Durante la reuni\u00f3n tambi\u00e9n se inici\u00f3 la gesti\u00f3n para obtener autorizaci\u00f3n para el ingreso a nuestro pa\u00eds del GM Ulf Andersson, quien participar\u00e1 del inicio de las actividades para conmemorar el 100mo aniversario de FADA, viaje previsto para el d\u00eda 21 de junio. En este marco nuestra entidad enviar\u00e1 una invitaci\u00f3n al Ministro para que participe de estos eventos, aunque la autorizaci\u00f3n requiere de la participaci\u00f3n de otros organismos nacionales, como Direcci\u00f3n de Migraciones y Ministerio de Salud. El ministro Mat\u00edas Lammens conf\u00eda en conseguir el permiso correspondiente, en este sentido FADA ya ha enviado parte de la documentaci\u00f3n solicitada dentro del encuadre legal.<br><br>Finalmente, se le presento al ministro un cronograma de eventos nacionales e internacionales para la conmemoraci\u00f3n del 100mo aniversario de nuestra instituci\u00f3n, en el que tambi\u00e9n participar\u00e1 FIDE. El ministro mostro inter\u00e9s en varios de los proyectos presentados y solicit\u00f3 un cronograma que comience en agosto, cuando se espera que haya mermado o se habr\u00e1 superado el efecto de la pandemia.<br><br>Dentro del marco de la reuni\u00f3n se le obsequio al ministro una remera de la Selecci\u00f3n Argentina de Ajedrez para su hija, que es aficionada al ajedrez, y un tablero de ajedrez el que ser\u00e1 firmado por todos los miembros de la delegaci\u00f3n y le ser\u00e1 entregado oportunamente antes del viaje con fecha a confirmar.<br><br><strong>Tambi\u00e9n deseo informar que las gestiones para lograr la vacunaci\u00f3n de nuestra delegaci\u00f3n se iniciaron el lunes 31 de mayo, una vez confirmados por CCA los representantes oficiales a la copa del mundo.<\/strong> Nuestra primera gesti\u00f3n fue ante la Secretar\u00eda de Deportes de la Naci\u00f3n y en todo momento hemos realizado las solicitudes dentro del marco institucional y legal.<br><\/p>\n\n\n\n<p><strong>Mario Petrucci<\/strong><br>Presidente Federaci\u00f3n Argentina de Ajedrez<br><br><br><br><\/p>\n","protected":false},"excerpt":{"rendered":"<p>El d\u00eda viernes 11 de junio, mantuve una reuni\u00f3n con el Ministro de Turismo y Deportes Mat\u00edas Lammens, con el objetivo de resolver&hellip;<\/p>\n","protected":false},"author":1,"featured_media":3122,"comment_status":"closed","ping_status":"closed","sticky":false,"template":"","format":"standard","meta":{"footnotes":""},"categories":[14,15,13,11],"tags":[],"class_list":["post-3113","post","type-post","status-publish","format-standard","has-post-thumbnail","hentry","category-fide","category-noticias-2021","category-noticias-destacadas","category-presencia-institucional"],"_links":{"self":[{"href":"https:\/\/federacionargentinadeajedrez.org\/index.php?rest_route=\/wp\/v2\/posts\/3113","targetHints":{"allow":["GET"]}}],"collection":[{"href":"https:\/\/federacionargentinadeajedrez.org\/index.php?rest_route=\/wp\/v2\/posts"}],"about":[{"href":"https:\/\/federacionargentinadeajedrez.org\/index.php?rest_route=\/wp\/v2\/types\/post"}],"author":[{"embeddable":true,"href":"https:\/\/federacionargentinadeajedrez.org\/index.php?rest_route=\/wp\/v2\/users\/1"}],"replies":[{"embeddable":true,"href":"https:\/\/federacionargentinadeajedrez.org\/index.php?rest_route=%2Fwp%2Fv2%2Fcomments&post=3113"}],"version-history":[{"count":6,"href":"https:\/\/federacionargentinadeajedrez.org\/index.php?rest_route=\/wp\/v2\/posts\/3113\/revisions"}],"predecessor-version":[{"id":3125,"href":"https:\/\/federacionargentinadeajedrez.org\/index.php?rest_route=\/wp\/v2\/posts\/3113\/revisions\/3125"}],"wp:featuredmedia":[{"embeddable":true,"href":"https:\/\/federacionargentinadeajedrez.org\/index.php?rest_route=\/wp\/v2\/media\/3122"}],"wp:attachment":[{"href":"https:\/\/federacionargentinadeajedrez.org\/index.php?rest_route=%2Fwp%2Fv2%2Fmedia&parent=3113"}],"wp:term":[{"taxonomy":"category","embeddable":true,"href":"https:\/\/federacionargentinadeajedrez.org\/index.php?rest_route=%2Fwp%2Fv2%2Fcategories&post=3113"},{"taxonomy":"post_tag","embeddable":true,"href":"https:\/\/federacionargentinadeajedrez.org\/index.php?rest_route=%2Fwp%2Fv2%2Ftags&post=3113"}],"curies":[{"name":"wp","href":"https:\/\/api.w.org\/{rel}","templated":true}]}}