{"id":3127,"date":"2021-06-20T05:32:03","date_gmt":"2021-06-20T05:32:03","guid":{"rendered":"https:\/\/federacionargentinadeajedrez.org\/?p=3127"},"modified":"2021-06-20T05:32:04","modified_gmt":"2021-06-20T05:32:04","slug":"fada-realizo-una-reunion-virtual-con-importantes-anuncios","status":"publish","type":"post","link":"https:\/\/federacionargentinadeajedrez.org\/?p=3127","title":{"rendered":"FADA realizo una reuni\u00f3n virtual con importantes anuncios"},"content":{"rendered":"\n<p>La Federacion Argentina de Ajedrez reuni\u00f3 en un Zoom a su junta directiva y miembros de instituciones afiliadas para informar sobre los eventos a realizar por el 100\u00ba aniversario de FADA (logo y libro) y FIDE, y las \u00faltimas novedades acerca del Mundial de Rusia y los Juegos Sudamericanos Asuncion 2022.<\/p>\n\n\n\n<p>FADA, fundada un 28 de septiembre de 1922, est\u00e1 cerca de cumplir sus 100 a\u00f1os de vida, y para ello, la comisi\u00f3n directiva prepara distintos eventos para destacar todos sus logros a nivel institucional y deportivo. Mario Petrucci, su presidente, anunci\u00f3 la creaci\u00f3n de un libro con la cronolog\u00eda de los hechos mas destacados en el siglo, adem\u00e1s de definir, a la brevedad, un logo representativo.<\/p>\n\n\n\n<p>En relaci\u00f3n a la obra que est\u00e1n armando Guillermo Soppe (presidente de la Federaci\u00f3n de Ajedrez de la Provincia de C\u00f3rdoba) y Alicia Villegas, el presidente coment\u00f3: \u201cTenemos una rica historia que merece ser plasmada en papel. A nivel mundial nos situan entre los principales pa\u00edses, por los eventos de gran envergadura que hemos desarrollado. Apuntaremos a que el mismo est\u00e9 en abril del pr\u00f3ximo a\u00f1o para distribuirlo entre las instituciones afiliadas y la biblioteca nacional del pa\u00eds\u201d.<\/p>\n\n\n\n<p>Uno de los encargados de la conformaci\u00f3n del libro tambi\u00e9n habl\u00f3 dentro de la plataforma Zoom: \u201cAlicia Villegas me coment\u00f3 el proyecto, y la idea me encant\u00f3. Hay que rescatar toda la historia; hay muy buenos trabajos sobre el tema. Va a estar compuesto por informaci\u00f3n, partidos hist\u00f3ricas, an\u00e9cdotas y reportajes indispensables, y suger\u00ed que se incorporen dos periodistas especializados en el tema. Ademas del libro queremos hacer un soporte digital donde se podr\u00eda ir actualizando con el tiempo, una especie de \u2018nube\u2019, como hace la Federacion de Estados Unidos hace a\u00f1os\u201d.<\/p>\n\n\n\n<p>A su vez, a poco m\u00e1s de un a\u00f1o para el 100\u00ba aniversario de FADA, se est\u00e1 definiendo el isologotipo a trav\u00e9s de un concurso. \u201cEn las pr\u00f3ximas semanas, con la llegada de Ulf Andersson, vamos a hacer un lanzamiento de los 100 a\u00f1os de nuestra instituci\u00f3n con alg\u00fan evento, en el que va a estar presente el Ministro de Turismo y Deportes Matias Lammens. Y, por supuesto, haremos una actividad con el eximio ajedrecista sueco, aunque no est\u00e1 confirmada la fecha\u201d, expres\u00f3 Mario Petrucci.<\/p>\n\n\n\n<p>Los Juegos Suramericanos, a disputarse desde el 1 al 15 de octubre de 2022 en Asunci\u00f3n, Paraguay, tambien fue uno de los temas esgrimidos en la conversaci\u00f3n virtual por parte de la comisi\u00f3n directiva. El gran objetivo es que el ajedrez est\u00e9 incluido dentro del calendario, y sobre esto, tom\u00f3 la palabra el m\u00e1ximo mandatario de FADA: \u201cHubo una reuni\u00f3n muy importante de trabajo en la que expresamos nuestro deseo para que el deporte se incorpore al calendario ol\u00edmpico de manera formal, donde tendr\u00edamos muchas ventajas desde lo institucional, deportivo y econ\u00f3mico. Ser\u00eda un paso importante y trascendental para la disciplina. Lo hemos hablado para Par\u00eds 2024 o Los \u00c1ngeles 2028, pr\u00f3ximos JJ.OO, pero venimos dando un paso important\u00edsimo con las reuniones gracias al apoyo del Comit\u00e9 Ol\u00edmpico Argentino, con Gerardo Wertein y Mario Moccia a la cabeza, que en este momento est\u00e1n en Asunci\u00f3n con estos detalles. Es un sue\u00f1o para mi dejar al ajedrez en dicho lugar. Si las cosas salen bien en Paraguay, estaremos a un paso de entrar en los Panamericanos. El comit\u00e9 ol\u00edmpico pidi\u00f3 por ajedrez y bochas, y la Secretaria de Deportes de la Naci\u00f3n hizo el pedido por paddle y ajedrez\u201d.<\/p>\n\n\n\n<p>Por \u00faltimo, el presidente de FADA agradeci\u00f3 p\u00fablicamente la \u201ceficiente y r\u00e1pida gesti\u00f3n\u201d de Matias Lammens y su equipo de trabajo, por la obtenci\u00f3n del turno para la vacuna contra el COVID-19 (ambas dosis) para toda la delegaci\u00f3n nacional que viajar\u00e1 a Sochi, Rusia, al Mundial de Ajedrez, con fecha de inicio el 10 de Julio.<\/p>\n","protected":false},"excerpt":{"rendered":"<p>La Federacion Argentina de Ajedrez reuni\u00f3 en un Zoom a su junta directiva y miembros de instituciones afiliadas para informar sobre los eventos&hellip;<\/p>\n","protected":false},"author":1,"featured_media":2594,"comment_status":"closed","ping_status":"closed","sticky":false,"template":"","format":"standard","meta":{"footnotes":""},"categories":[15,13,11],"tags":[],"class_list":["post-3127","post","type-post","status-publish","format-standard","has-post-thumbnail","hentry","category-noticias-2021","category-noticias-destacadas","category-presencia-institucional"],"_links":{"self":[{"href":"https:\/\/federacionargentinadeajedrez.org\/index.php?rest_route=\/wp\/v2\/posts\/3127","targetHints":{"allow":["GET"]}}],"collection":[{"href":"https:\/\/federacionargentinadeajedrez.org\/index.php?rest_route=\/wp\/v2\/posts"}],"about":[{"href":"https:\/\/federacionargentinadeajedrez.org\/index.php?rest_route=\/wp\/v2\/types\/post"}],"author":[{"embeddable":true,"href":"https:\/\/federacionargentinadeajedrez.org\/index.php?rest_route=\/wp\/v2\/users\/1"}],"replies":[{"embeddable":true,"href":"https:\/\/federacionargentinadeajedrez.org\/index.php?rest_route=%2Fwp%2Fv2%2Fcomments&post=3127"}],"version-history":[{"count":1,"href":"https:\/\/federacionargentinadeajedrez.org\/index.php?rest_route=\/wp\/v2\/posts\/3127\/revisions"}],"predecessor-version":[{"id":3128,"href":"https:\/\/federacionargentinadeajedrez.org\/index.php?rest_route=\/wp\/v2\/posts\/3127\/revisions\/3128"}],"wp:featuredmedia":[{"embeddable":true,"href":"https:\/\/federacionargentinadeajedrez.org\/index.php?rest_route=\/wp\/v2\/media\/2594"}],"wp:attachment":[{"href":"https:\/\/federacionargentinadeajedrez.org\/index.php?rest_route=%2Fwp%2Fv2%2Fmedia&parent=3127"}],"wp:term":[{"taxonomy":"category","embeddable":true,"href":"https:\/\/federacionargentinadeajedrez.org\/index.php?rest_route=%2Fwp%2Fv2%2Fcategories&post=3127"},{"taxonomy":"post_tag","embeddable":true,"href":"https:\/\/federacionargentinadeajedrez.org\/index.php?rest_route=%2Fwp%2Fv2%2Ftags&post=3127"}],"curies":[{"name":"wp","href":"https:\/\/api.w.org\/{rel}","templated":true}]}}