{"id":3136,"date":"2021-06-23T06:22:40","date_gmt":"2021-06-23T06:22:40","guid":{"rendered":"https:\/\/federacionargentinadeajedrez.org\/?p=3136"},"modified":"2021-06-23T06:23:00","modified_gmt":"2021-06-23T06:23:00","slug":"logo-100-anos-fada","status":"publish","type":"post","link":"https:\/\/federacionargentinadeajedrez.org\/?p=3136","title":{"rendered":"Logo 100 a\u00f1os FADA"},"content":{"rendered":"\n<p>Finalizo el proceso de selecci\u00f3n del Logo de la Federaci\u00f3n Argentina de Ajedrez por sus 100 a\u00f1os y el dise\u00f1o elegido fue el siguiente.<br><br>Gracias a todos los que participaron de esta iniciativa. <\/p>\n\n\n\n<figure class=\"wp-block-image size-large\"><img loading=\"lazy\" decoding=\"async\" width=\"727\" height=\"606\" src=\"https:\/\/federacionargentinadeajedrez.org\/wp-content\/uploads\/2021\/06\/logofada100anos.png\" alt=\"\" class=\"wp-image-3138\" srcset=\"https:\/\/federacionargentinadeajedrez.org\/wp-content\/uploads\/2021\/06\/logofada100anos.png 727w, https:\/\/federacionargentinadeajedrez.org\/wp-content\/uploads\/2021\/06\/logofada100anos-300x250.png 300w\" sizes=\"auto, (max-width: 727px) 100vw, 727px\" \/><\/figure>\n","protected":false},"excerpt":{"rendered":"<p>Finalizo el proceso de selecci\u00f3n del Logo de la Federaci\u00f3n Argentina de Ajedrez por sus 100 a\u00f1os y el dise\u00f1o elegido fue el&hellip;<\/p>\n","protected":false},"author":1,"featured_media":3138,"comment_status":"closed","ping_status":"closed","sticky":false,"template":"","format":"standard","meta":{"footnotes":""},"categories":[15,13,11],"tags":[],"class_list":["post-3136","post","type-post","status-publish","format-standard","has-post-thumbnail","hentry","category-noticias-2021","category-noticias-destacadas","category-presencia-institucional"],"_links":{"self":[{"href":"https:\/\/federacionargentinadeajedrez.org\/index.php?rest_route=\/wp\/v2\/posts\/3136","targetHints":{"allow":["GET"]}}],"collection":[{"href":"https:\/\/federacionargentinadeajedrez.org\/index.php?rest_route=\/wp\/v2\/posts"}],"about":[{"href":"https:\/\/federacionargentinadeajedrez.org\/index.php?rest_route=\/wp\/v2\/types\/post"}],"author":[{"embeddable":true,"href":"https:\/\/federacionargentinadeajedrez.org\/index.php?rest_route=\/wp\/v2\/users\/1"}],"replies":[{"embeddable":true,"href":"https:\/\/federacionargentinadeajedrez.org\/index.php?rest_route=%2Fwp%2Fv2%2Fcomments&post=3136"}],"version-history":[{"count":1,"href":"https:\/\/federacionargentinadeajedrez.org\/index.php?rest_route=\/wp\/v2\/posts\/3136\/revisions"}],"predecessor-version":[{"id":3139,"href":"https:\/\/federacionargentinadeajedrez.org\/index.php?rest_route=\/wp\/v2\/posts\/3136\/revisions\/3139"}],"wp:featuredmedia":[{"embeddable":true,"href":"https:\/\/federacionargentinadeajedrez.org\/index.php?rest_route=\/wp\/v2\/media\/3138"}],"wp:attachment":[{"href":"https:\/\/federacionargentinadeajedrez.org\/index.php?rest_route=%2Fwp%2Fv2%2Fmedia&parent=3136"}],"wp:term":[{"taxonomy":"category","embeddable":true,"href":"https:\/\/federacionargentinadeajedrez.org\/index.php?rest_route=%2Fwp%2Fv2%2Fcategories&post=3136"},{"taxonomy":"post_tag","embeddable":true,"href":"https:\/\/federacionargentinadeajedrez.org\/index.php?rest_route=%2Fwp%2Fv2%2Ftags&post=3136"}],"curies":[{"name":"wp","href":"https:\/\/api.w.org\/{rel}","templated":true}]}}