{"id":3245,"date":"2021-07-13T20:06:52","date_gmt":"2021-07-13T20:06:52","guid":{"rendered":"https:\/\/federacionargentinadeajedrez.org\/?p=3245"},"modified":"2021-07-14T19:00:10","modified_gmt":"2021-07-14T19:00:10","slug":"adios-a-eduardo-di-carlo","status":"publish","type":"post","link":"https:\/\/federacionargentinadeajedrez.org\/?p=3245","title":{"rendered":"Adi\u00f3s a Eduardo Di Carlo"},"content":{"rendered":"\n<figure class=\"wp-block-image size-large\"><img loading=\"lazy\" decoding=\"async\" width=\"1024\" height=\"1024\" src=\"https:\/\/federacionargentinadeajedrez.org\/wp-content\/uploads\/2021\/07\/IMG-20210713-WA0040-1024x1024.jpg\" alt=\"\" class=\"wp-image-3247\" srcset=\"https:\/\/federacionargentinadeajedrez.org\/wp-content\/uploads\/2021\/07\/IMG-20210713-WA0040-1024x1024.jpg 1024w, https:\/\/federacionargentinadeajedrez.org\/wp-content\/uploads\/2021\/07\/IMG-20210713-WA0040-300x300.jpg 300w, https:\/\/federacionargentinadeajedrez.org\/wp-content\/uploads\/2021\/07\/IMG-20210713-WA0040-150x150.jpg 150w, https:\/\/federacionargentinadeajedrez.org\/wp-content\/uploads\/2021\/07\/IMG-20210713-WA0040-768x768.jpg 768w, https:\/\/federacionargentinadeajedrez.org\/wp-content\/uploads\/2021\/07\/IMG-20210713-WA0040.jpg 1080w\" sizes=\"auto, (max-width: 1024px) 100vw, 1024px\" \/><\/figure>\n\n\n\n<p>La Federaci\u00f3n de Ajedrez de Ajedrez, lamenta con profundo pesar el fallecimiento de Eduardo Di Carlo presidente de la Federaci\u00f3n Salte\u00f1a de Ajedrez y como lo defin\u00edan sus allegados un gran defensor del deporte salte\u00f1o.<\/p>\n\n\n\n<p>Saludamos y acompa\u00f1amos a su familia, amigos y toda la comunidad de ajedrez de Salta en este doloroso momento.<\/p>\n\n\n\n<p>Federaci\u00f3n Argentina de Ajedrez.<\/p>\n\n\n","protected":false},"excerpt":{"rendered":"<p>La Federaci\u00f3n de Ajedrez de Ajedrez, lamenta con profundo pesar el fallecimiento de Eduardo Di Carlo presidente de la Federaci\u00f3n Salte\u00f1a de Ajedrez&hellip;<\/p>\n","protected":false},"author":1,"featured_media":3247,"comment_status":"closed","ping_status":"closed","sticky":false,"template":"","format":"standard","meta":{"footnotes":""},"categories":[15,11],"tags":[],"class_list":["post-3245","post","type-post","status-publish","format-standard","has-post-thumbnail","hentry","category-noticias-2021","category-presencia-institucional"],"_links":{"self":[{"href":"https:\/\/federacionargentinadeajedrez.org\/index.php?rest_route=\/wp\/v2\/posts\/3245","targetHints":{"allow":["GET"]}}],"collection":[{"href":"https:\/\/federacionargentinadeajedrez.org\/index.php?rest_route=\/wp\/v2\/posts"}],"about":[{"href":"https:\/\/federacionargentinadeajedrez.org\/index.php?rest_route=\/wp\/v2\/types\/post"}],"author":[{"embeddable":true,"href":"https:\/\/federacionargentinadeajedrez.org\/index.php?rest_route=\/wp\/v2\/users\/1"}],"replies":[{"embeddable":true,"href":"https:\/\/federacionargentinadeajedrez.org\/index.php?rest_route=%2Fwp%2Fv2%2Fcomments&post=3245"}],"version-history":[{"count":1,"href":"https:\/\/federacionargentinadeajedrez.org\/index.php?rest_route=\/wp\/v2\/posts\/3245\/revisions"}],"predecessor-version":[{"id":3248,"href":"https:\/\/federacionargentinadeajedrez.org\/index.php?rest_route=\/wp\/v2\/posts\/3245\/revisions\/3248"}],"wp:featuredmedia":[{"embeddable":true,"href":"https:\/\/federacionargentinadeajedrez.org\/index.php?rest_route=\/wp\/v2\/media\/3247"}],"wp:attachment":[{"href":"https:\/\/federacionargentinadeajedrez.org\/index.php?rest_route=%2Fwp%2Fv2%2Fmedia&parent=3245"}],"wp:term":[{"taxonomy":"category","embeddable":true,"href":"https:\/\/federacionargentinadeajedrez.org\/index.php?rest_route=%2Fwp%2Fv2%2Fcategories&post=3245"},{"taxonomy":"post_tag","embeddable":true,"href":"https:\/\/federacionargentinadeajedrez.org\/index.php?rest_route=%2Fwp%2Fv2%2Ftags&post=3245"}],"curies":[{"name":"wp","href":"https:\/\/api.w.org\/{rel}","templated":true}]}}