{"id":327,"date":"2019-07-23T13:21:00","date_gmt":"2019-07-23T13:21:00","guid":{"rendered":"https:\/\/federacionargentinadeajedrez.org\/?p=327"},"modified":"2019-07-23T13:21:02","modified_gmt":"2019-07-23T13:21:02","slug":"comenzo-el-sueno-panamericano","status":"publish","type":"post","link":"https:\/\/federacionargentinadeajedrez.org\/?p=327","title":{"rendered":"Comenz\u00f3 el sue\u00f1o Panamericano"},"content":{"rendered":"\n<p><br>El \u00faltimo domingo dio inicio el Festival Panamericano de ajedrez de la Juventud \u00abGuayaquil 2019\u00bb  que se desarrollara hasta el 27 de julio y cuenta con la destacada participaci\u00f3n de 25 representantes de nuestro pa\u00eds.<br><br>La ultima actuaci\u00f3n de la la delegaci\u00f3n nacional en el panamericano de Chile 2018 obtuvo 4 medallas de oro y una de plata,  en lo que fue una actuaci\u00f3n hist\u00f3rica quedando en segundo lugar solo por debajo de EE UU. <br><br>A continuaci\u00f3n compartimos listado de jugadores, im\u00e1genes e informaci\u00f3n del torneo.<\/p>\n\n\n\n<!--more-->\n\n\n\n<h3 class=\"wp-block-heading\"> jugadores de Argentina<\/h3>\n\n\n\n<figure class=\"wp-block-image\"><img decoding=\"async\" src=\"http:\/\/chess-results.com\/images\/f90\/tn_ARG.gif\" alt=\"ARG\"\/><\/figure>\n\n\n\n<table class=\"wp-block-table\"><tbody><tr><td>No.Ini.<\/td><td><\/td><td>Nombre<\/td><td>FIDE<\/td><td>FED<\/td><td>1<\/td><td>2<\/td><td>3<\/td><td>Pts.<\/td><td>Rk.<\/td><td>Grupo<\/td><\/tr><tr><td>1<\/td><td>CM<\/td><td>Schnaider Ilan<\/td><td>1817<\/td><td>ARG<\/td><td>1<\/td><td>1<\/td><td>1<\/td><td>3,0<\/td><td>1<\/td><td>U08 Abs<\/td><\/tr><tr><td>3<\/td><td><\/td><td>Lavandeira Juan Facundo<\/td><td>1536<\/td><td>ARG<\/td><td>1<\/td><td>\u00bd<\/td><td>1<\/td><td>2,5<\/td><td>14<\/td><td>U10 Abs<\/td><\/tr><tr><td>3<\/td><td>WCM<\/td><td>Veliz Daira Isis<\/td><td>1476<\/td><td>ARG<\/td><td>\u00bd<\/td><td>1<\/td><td>0<\/td><td>1,5<\/td><td>21<\/td><td>U10 Fem<\/td><\/tr><tr><td>3<\/td><td><\/td><td>De La Cruz Navarro Martin Leona<\/td><td>1869<\/td><td>ARG<\/td><td>0<\/td><td>1<\/td><td>\u00bd<\/td><td>1,5<\/td><td>31<\/td><td>U12 Abs<\/td><\/tr><tr><td>24<\/td><td><\/td><td>Najurieta Tiziano<\/td><td>1547<\/td><td>ARG<\/td><td>0<\/td><td>\u00bd<\/td><td>1<\/td><td>1,5<\/td><td>43<\/td><td>U12 Abs<\/td><\/tr><tr><td>25<\/td><td><\/td><td>Fuentes Agustin<\/td><td>1531<\/td><td>ARG<\/td><td>1<\/td><td>0<\/td><td>1<\/td><td>2,0<\/td><td>18<\/td><td>U12 Abs<\/td><\/tr><tr><td>24<\/td><td><\/td><td>Farhat Francisco<\/td><td>1674<\/td><td>ARG<\/td><td>1<\/td><td>0<\/td><td>1<\/td><td>2,0<\/td><td>31<\/td><td>U14 Abs<\/td><\/tr><tr><td>2<\/td><td>WCM<\/td><td>Francisco Guecamburu Candela Be<\/td><td>1809<\/td><td>ARG<\/td><td>1<\/td><td>\u00bd<\/td><td>1<\/td><td>2,5<\/td><td>6<\/td><td>U14 Fem<\/td><\/tr><tr><td>6<\/td><td><\/td><td>Asprelli Gaspar<\/td><td>2063<\/td><td>ARG<\/td><td>1<\/td><td>0<\/td><td>\u00bd<\/td><td>1,5<\/td><td>31<\/td><td>U16 Abs<\/td><\/tr><tr><td>16<\/td><td><\/td><td>Hakanson Ian<\/td><td>1914<\/td><td>ARG<\/td><td>\u00bd<\/td><td>1<\/td><td>1<\/td><td>2,5<\/td><td>10<\/td><td>U16 Abs<\/td><\/tr><tr><td>21<\/td><td><\/td><td>Villarreal Agustin<\/td><td>1826<\/td><td>ARG<\/td><td>0<\/td><td>1<\/td><td>\u00bd<\/td><td>1,5<\/td><td>29<\/td><td>U16 Abs<\/td><\/tr><tr><td>2<\/td><td>WFM<\/td><td>Borda Rodas Anapaola S.<\/td><td>1958<\/td><td>ARG<\/td><td>1<\/td><td>1<\/td><td>\u00bd<\/td><td>2,5<\/td><td>3<\/td><td>U16 Fem<\/td><\/tr><tr><td>2<\/td><td>FM<\/td><td>Varacalli Francisco<\/td><td>2306<\/td><td>ARG<\/td><td>1<\/td><td>0<\/td><td>\u00bd<\/td><td>1,5<\/td><td>22<\/td><td>U18 Abs<\/td><\/tr><tr><td>12<\/td><td><\/td><td>Veliz Ariel<\/td><td>2102<\/td><td>ARG<\/td><td>1<\/td><td>\u00bd<\/td><td>1<\/td><td>2,5<\/td><td>7<\/td><td>U18 Abs<\/td><\/tr><tr><td>22<\/td><td><\/td><td>Nadal Alan<\/td><td>1953<\/td><td>ARG<\/td><td>0<\/td><td>1<\/td><td>0<\/td><td>1,0<\/td><td>28<\/td><td>U18 Abs<\/td><\/tr><tr><td>4<\/td><td><\/td><td>Bank Valeria<\/td><td>1875<\/td><td>ARG<\/td><td>1<\/td><td>\u00bd<\/td><td>1<\/td><td>2,5<\/td><td>3<\/td><td>U18 Fem<\/td><\/tr><\/tbody><\/table>\n\n\n\n<p><a rel=\"noreferrer noopener\" aria-label=\"Clasificaci\u00f3n, fixture y resultados (abre en una nueva pesta\u00f1a)\" href=\"http:\/\/chess-results.com\/tnr455917.aspx?lan=2&amp;art=25&amp;fedb=ARG&amp;turdet=YES&amp;flag=30\" target=\"_blank\"><strong>Clasificaci\u00f3n, fixture y resultados<\/strong><\/a><\/p>\n\n\n\n<ul class=\"wp-block-gallery columns-3 is-cropped wp-block-gallery-1 is-layout-flex wp-block-gallery-is-layout-flex\"><li class=\"blocks-gallery-item\"><figure><img loading=\"lazy\" decoding=\"async\" width=\"720\" height=\"960\" src=\"https:\/\/federacionargentinadeajedrez.org\/wp-content\/uploads\/2019\/07\/pana193.jpg\" alt=\"\" data-id=\"328\" data-link=\"https:\/\/federacionargentinadeajedrez.org\/?attachment_id=328\" class=\"wp-image-328\" srcset=\"https:\/\/federacionargentinadeajedrez.org\/wp-content\/uploads\/2019\/07\/pana193.jpg 720w, https:\/\/federacionargentinadeajedrez.org\/wp-content\/uploads\/2019\/07\/pana193-225x300.jpg 225w\" sizes=\"auto, (max-width: 720px) 100vw, 720px\" \/><\/figure><\/li><li class=\"blocks-gallery-item\"><figure><img loading=\"lazy\" decoding=\"async\" width=\"960\" height=\"540\" src=\"https:\/\/federacionargentinadeajedrez.org\/wp-content\/uploads\/2019\/07\/pana194.jpg\" alt=\"\" data-id=\"329\" data-link=\"https:\/\/federacionargentinadeajedrez.org\/?attachment_id=329\" class=\"wp-image-329\" srcset=\"https:\/\/federacionargentinadeajedrez.org\/wp-content\/uploads\/2019\/07\/pana194.jpg 960w, https:\/\/federacionargentinadeajedrez.org\/wp-content\/uploads\/2019\/07\/pana194-300x169.jpg 300w, https:\/\/federacionargentinadeajedrez.org\/wp-content\/uploads\/2019\/07\/pana194-768x432.jpg 768w\" sizes=\"auto, (max-width: 960px) 100vw, 960px\" \/><\/figure><\/li><li class=\"blocks-gallery-item\"><figure><img loading=\"lazy\" decoding=\"async\" width=\"960\" height=\"720\" src=\"https:\/\/federacionargentinadeajedrez.org\/wp-content\/uploads\/2019\/07\/argpanamericano19.jpg\" alt=\"\" data-id=\"330\" data-link=\"https:\/\/federacionargentinadeajedrez.org\/?attachment_id=330\" class=\"wp-image-330\" srcset=\"https:\/\/federacionargentinadeajedrez.org\/wp-content\/uploads\/2019\/07\/argpanamericano19.jpg 960w, https:\/\/federacionargentinadeajedrez.org\/wp-content\/uploads\/2019\/07\/argpanamericano19-300x225.jpg 300w, https:\/\/federacionargentinadeajedrez.org\/wp-content\/uploads\/2019\/07\/argpanamericano19-768x576.jpg 768w\" sizes=\"auto, (max-width: 960px) 100vw, 960px\" \/><\/figure><\/li><li class=\"blocks-gallery-item\"><figure><img loading=\"lazy\" decoding=\"async\" width=\"960\" height=\"720\" src=\"https:\/\/federacionargentinadeajedrez.org\/wp-content\/uploads\/2019\/07\/pana191.jpg\" alt=\"\" data-id=\"331\" data-link=\"https:\/\/federacionargentinadeajedrez.org\/?attachment_id=331\" class=\"wp-image-331\" srcset=\"https:\/\/federacionargentinadeajedrez.org\/wp-content\/uploads\/2019\/07\/pana191.jpg 960w, https:\/\/federacionargentinadeajedrez.org\/wp-content\/uploads\/2019\/07\/pana191-300x225.jpg 300w, https:\/\/federacionargentinadeajedrez.org\/wp-content\/uploads\/2019\/07\/pana191-768x576.jpg 768w\" sizes=\"auto, (max-width: 960px) 100vw, 960px\" \/><\/figure><\/li><li class=\"blocks-gallery-item\"><figure><img loading=\"lazy\" decoding=\"async\" width=\"960\" height=\"720\" src=\"https:\/\/federacionargentinadeajedrez.org\/wp-content\/uploads\/2019\/07\/pana192.jpg\" alt=\"\" data-id=\"332\" data-link=\"https:\/\/federacionargentinadeajedrez.org\/?attachment_id=332\" class=\"wp-image-332\" srcset=\"https:\/\/federacionargentinadeajedrez.org\/wp-content\/uploads\/2019\/07\/pana192.jpg 960w, https:\/\/federacionargentinadeajedrez.org\/wp-content\/uploads\/2019\/07\/pana192-300x225.jpg 300w, https:\/\/federacionargentinadeajedrez.org\/wp-content\/uploads\/2019\/07\/pana192-768x576.jpg 768w\" sizes=\"auto, (max-width: 960px) 100vw, 960px\" \/><\/figure><\/li><\/ul>\n","protected":false},"excerpt":{"rendered":"<p>El \u00faltimo domingo dio inicio el Festival Panamericano de ajedrez de la Juventud \u00abGuayaquil 2019\u00bb que se desarrollara hasta el 27 de julio&hellip;<\/p>\n","protected":false},"author":1,"featured_media":330,"comment_status":"closed","ping_status":"closed","sticky":false,"template":"","format":"standard","meta":{"footnotes":""},"categories":[5,4],"tags":[],"class_list":["post-327","post","type-post","status-publish","format-standard","has-post-thumbnail","hentry","category-noticias-2019","category-torneos-oficiales-2019"],"_links":{"self":[{"href":"https:\/\/federacionargentinadeajedrez.org\/index.php?rest_route=\/wp\/v2\/posts\/327","targetHints":{"allow":["GET"]}}],"collection":[{"href":"https:\/\/federacionargentinadeajedrez.org\/index.php?rest_route=\/wp\/v2\/posts"}],"about":[{"href":"https:\/\/federacionargentinadeajedrez.org\/index.php?rest_route=\/wp\/v2\/types\/post"}],"author":[{"embeddable":true,"href":"https:\/\/federacionargentinadeajedrez.org\/index.php?rest_route=\/wp\/v2\/users\/1"}],"replies":[{"embeddable":true,"href":"https:\/\/federacionargentinadeajedrez.org\/index.php?rest_route=%2Fwp%2Fv2%2Fcomments&post=327"}],"version-history":[{"count":1,"href":"https:\/\/federacionargentinadeajedrez.org\/index.php?rest_route=\/wp\/v2\/posts\/327\/revisions"}],"predecessor-version":[{"id":333,"href":"https:\/\/federacionargentinadeajedrez.org\/index.php?rest_route=\/wp\/v2\/posts\/327\/revisions\/333"}],"wp:featuredmedia":[{"embeddable":true,"href":"https:\/\/federacionargentinadeajedrez.org\/index.php?rest_route=\/wp\/v2\/media\/330"}],"wp:attachment":[{"href":"https:\/\/federacionargentinadeajedrez.org\/index.php?rest_route=%2Fwp%2Fv2%2Fmedia&parent=327"}],"wp:term":[{"taxonomy":"category","embeddable":true,"href":"https:\/\/federacionargentinadeajedrez.org\/index.php?rest_route=%2Fwp%2Fv2%2Fcategories&post=327"},{"taxonomy":"post_tag","embeddable":true,"href":"https:\/\/federacionargentinadeajedrez.org\/index.php?rest_route=%2Fwp%2Fv2%2Ftags&post=327"}],"curies":[{"name":"wp","href":"https:\/\/api.w.org\/{rel}","templated":true}]}}