{"id":3275,"date":"2021-07-28T05:27:25","date_gmt":"2021-07-28T05:27:25","guid":{"rendered":"https:\/\/federacionargentinadeajedrez.org\/?p=3275"},"modified":"2021-07-28T05:42:43","modified_gmt":"2021-07-28T05:42:43","slug":"argentinos-por-el-mundo-sosa-gana-en-valencia-y-pichot-comienza-con-todo-en-biel","status":"publish","type":"post","link":"https:\/\/federacionargentinadeajedrez.org\/?p=3275","title":{"rendered":"Argentinos por el mundo: Sosa gana en Valencia y Pichot comienza con todo en Biel"},"content":{"rendered":"\n<figure class=\"wp-block-image size-full is-resized\"><img loading=\"lazy\" decoding=\"async\" src=\"https:\/\/federacionargentinadeajedrez.org\/wp-content\/uploads\/2021\/07\/tomassosavalencia1.jpg\" alt=\"\" class=\"wp-image-3277\" width=\"836\" height=\"836\" srcset=\"https:\/\/federacionargentinadeajedrez.org\/wp-content\/uploads\/2021\/07\/tomassosavalencia1.jpg 657w, https:\/\/federacionargentinadeajedrez.org\/wp-content\/uploads\/2021\/07\/tomassosavalencia1-300x300.jpg 300w, https:\/\/federacionargentinadeajedrez.org\/wp-content\/uploads\/2021\/07\/tomassosavalencia1-150x150.jpg 150w\" sizes=\"auto, (max-width: 836px) 100vw, 836px\" \/><figcaption>IM Tomas Sosa campe\u00f3n open de Valencia.<\/figcaption><\/figure>\n\n\n\n<p><br>El Maestro Internacional Tom\u00e1s Sosa se coron\u00f3 Campe\u00f3n del Abierto Internacional de Valencia, Espa\u00f1a luego de una gran actuaci\u00f3n que lo llevo a terminar invicto con 8 puntos sobre 9 posibles. Tomas oriundo de la zona oeste del Gran Buenos Aires se encuentra hace varios a\u00f1os en el viejo continente, en estos \u00faltimos meses ha obtenido destacados resultados que lo llevaron a incrementar de gran forma su ranking fide, en este torneo subi\u00f3 17,40 puntos de elo ubic\u00e1ndose ahora en su ranking m\u00e1s alto 2558 puntos.<br><br>Todos los detalles del torneo:  <a href=\"http:\/\/info64.org\/torneo-internacional-valencia-cuna-del-ajedrez\/standings\">info64.org\/torneo-internacional-valencia-cuna-del-ajedrez\/standings<\/a><\/p>\n\n\n\n<p>El Gran Maestro Alan Pichot continua de gran forma luego de su actuaci\u00f3n en la Copa del Mundo donde llego a la tercera ronda en donde perdiendo 1,5 a 0,5 contra el GM Alexander Grischuk n\u00famero 7 del mundo. <br>Alan representante de la Federaci\u00f3n Metropolitana de Ajedrez comenz\u00f3 esta semana su participaci\u00f3n en el magistral de Biel, Suiza en el cual tuvo un debut so\u00f1ado venciendo con piezas negras a una \u00ableyenda del ajedrez mundial\u00bb el Gran Maestro de Israel Boris Gelfand. En este torneo internacional tambi\u00e9n se destaca la participaci\u00f3n de los Grandes Maestros Gata Kamsky (Usa), Nihal Sarin (India) y Kirill Alekseenko (Rusia) entre otros.<br><br>Ver partida: <a rel=\"noreferrer noopener\" href=\"http:\/\/chess24.com\/es\/watch\/live-tournaments\/biel-grandmaster-triathlon-2021\/8\/1\/4\" target=\"_blank\">chess24.com\/es\/watch\/live-tournaments\/biel-grandmaster-triathlon-2021\/8\/1\/4<\/a><br><br>Todos los detalles del torneo:  <a rel=\"noreferrer noopener\" href=\"http:\/\/chess-results.com\/tnr569009.aspx?lan=2\" target=\"_blank\">chess-results.com\/tnr569009.aspx?lan=2<\/a><br><\/p>\n\n\n\n<figure class=\"wp-block-image size-large\"><img loading=\"lazy\" decoding=\"async\" width=\"1024\" height=\"650\" src=\"https:\/\/federacionargentinadeajedrez.org\/wp-content\/uploads\/2021\/07\/pichotgelfand-1024x650.jpg\" alt=\"\" class=\"wp-image-3280\" srcset=\"https:\/\/federacionargentinadeajedrez.org\/wp-content\/uploads\/2021\/07\/pichotgelfand-1024x650.jpg 1024w, https:\/\/federacionargentinadeajedrez.org\/wp-content\/uploads\/2021\/07\/pichotgelfand-300x191.jpg 300w, https:\/\/federacionargentinadeajedrez.org\/wp-content\/uploads\/2021\/07\/pichotgelfand-768x488.jpg 768w, https:\/\/federacionargentinadeajedrez.org\/wp-content\/uploads\/2021\/07\/pichotgelfand.jpg 1200w\" sizes=\"auto, (max-width: 1024px) 100vw, 1024px\" \/><figcaption>El GM Alan Pichot Vs GM Boris Gelfand.<\/figcaption><\/figure>\n","protected":false},"excerpt":{"rendered":"<p>El Maestro Internacional Tom\u00e1s Sosa se coron\u00f3 Campe\u00f3n del Abierto Internacional de Valencia, Espa\u00f1a luego de una gran actuaci\u00f3n que lo llevo a&hellip;<\/p>\n","protected":false},"author":1,"featured_media":3280,"comment_status":"closed","ping_status":"closed","sticky":false,"template":"","format":"standard","meta":{"footnotes":""},"categories":[15,13],"tags":[],"class_list":["post-3275","post","type-post","status-publish","format-standard","has-post-thumbnail","hentry","category-noticias-2021","category-noticias-destacadas"],"_links":{"self":[{"href":"https:\/\/federacionargentinadeajedrez.org\/index.php?rest_route=\/wp\/v2\/posts\/3275","targetHints":{"allow":["GET"]}}],"collection":[{"href":"https:\/\/federacionargentinadeajedrez.org\/index.php?rest_route=\/wp\/v2\/posts"}],"about":[{"href":"https:\/\/federacionargentinadeajedrez.org\/index.php?rest_route=\/wp\/v2\/types\/post"}],"author":[{"embeddable":true,"href":"https:\/\/federacionargentinadeajedrez.org\/index.php?rest_route=\/wp\/v2\/users\/1"}],"replies":[{"embeddable":true,"href":"https:\/\/federacionargentinadeajedrez.org\/index.php?rest_route=%2Fwp%2Fv2%2Fcomments&post=3275"}],"version-history":[{"count":2,"href":"https:\/\/federacionargentinadeajedrez.org\/index.php?rest_route=\/wp\/v2\/posts\/3275\/revisions"}],"predecessor-version":[{"id":3281,"href":"https:\/\/federacionargentinadeajedrez.org\/index.php?rest_route=\/wp\/v2\/posts\/3275\/revisions\/3281"}],"wp:featuredmedia":[{"embeddable":true,"href":"https:\/\/federacionargentinadeajedrez.org\/index.php?rest_route=\/wp\/v2\/media\/3280"}],"wp:attachment":[{"href":"https:\/\/federacionargentinadeajedrez.org\/index.php?rest_route=%2Fwp%2Fv2%2Fmedia&parent=3275"}],"wp:term":[{"taxonomy":"category","embeddable":true,"href":"https:\/\/federacionargentinadeajedrez.org\/index.php?rest_route=%2Fwp%2Fv2%2Fcategories&post=3275"},{"taxonomy":"post_tag","embeddable":true,"href":"https:\/\/federacionargentinadeajedrez.org\/index.php?rest_route=%2Fwp%2Fv2%2Ftags&post=3275"}],"curies":[{"name":"wp","href":"https:\/\/api.w.org\/{rel}","templated":true}]}}