{"id":3325,"date":"2021-08-23T00:03:12","date_gmt":"2021-08-23T00:03:12","guid":{"rendered":"https:\/\/federacionargentinadeajedrez.org\/?p=3325"},"modified":"2021-08-23T00:05:58","modified_gmt":"2021-08-23T00:05:58","slug":"el-ajedrez-continua-avanzando-en-clases-para-personas-con-discapacidad","status":"publish","type":"post","link":"https:\/\/federacionargentinadeajedrez.org\/?p=3325","title":{"rendered":"El ajedrez continua avanzando en clases para personas con discapacidad"},"content":{"rendered":"\n<p>La Comisi\u00f3n de Ajedrez Adaptado de la Federaci\u00f3n de Ajedrez de C\u00f3rdoba, en conjunto con la Fundaci\u00f3n Jean Maggi, lanz\u00f3 una serie de clases para personas con discapacidad, que ser\u00e1n dictadas por el campe\u00f3n argentino Raul Grosso.<\/p>\n\n\n\n<p>El lunes 16 de Agosto iniciaron estas clases para personas adaptadas por Skype y Lichess.org, dirigidas a principiantes, nivel medio y avanzado; la duraci\u00f3n ser\u00e1 de 4 meses.<\/p>\n\n\n\n<figure class=\"wp-block-image size-full\"><img loading=\"lazy\" decoding=\"async\" width=\"400\" height=\"268\" src=\"https:\/\/federacionargentinadeajedrez.org\/wp-content\/uploads\/2021\/08\/ajedrezdiscapacidad1.jpg\" alt=\"\" class=\"wp-image-3326\" srcset=\"https:\/\/federacionargentinadeajedrez.org\/wp-content\/uploads\/2021\/08\/ajedrezdiscapacidad1.jpg 400w, https:\/\/federacionargentinadeajedrez.org\/wp-content\/uploads\/2021\/08\/ajedrezdiscapacidad1-300x201.jpg 300w\" sizes=\"auto, (max-width: 400px) 100vw, 400px\" \/><\/figure>\n\n\n\n<p>El presidente de la Federaci\u00f3n de Ajedrez de C\u00f3rdoba, Guillermo Soppe, di\u00e1logo con la web de FADA sobre esta excelente idea: \u00abHace ya 5 a\u00f1os que tenemos, de manera oficial, un \u00e1rea de deporte adaptado. Creemos que el ajedrez es un deporte absolutamente inclusivo. Las reglas de juego no se alteran, se modifican unicamente los materiales para practicarlo y aspectos de competencia reglamentaria, pero no el juego en si. La idea es que, mediante clases y posterior competencia, todos los atletas puedan jugar, sin importar sus dificultades espec\u00edficas\u00bb.<\/p>\n\n\n\n<p>Las clases ser\u00e1n dictadas por Raul Grosso, actual campe\u00f3n argentino para disminuidos visuales. \u00abDesde la FAPC estamos convencidos de que es la persona indicada. En su momento tuvo un problema de salud y logr\u00f3 \u200eseguir con la actividad. Como docente tiene amplia experiencia y sin duda puede aportar el manejo de tecnolog\u00eda y did\u00e1ctica. Su experiencia propia en el \u00e1rea adaptada y su trayectoria son sus principales cartas de presentaci\u00f3n, lo cual har\u00e1 que muchos interesados se sumen al juego\u00bb, destac\u00f3 Guillermo.<\/p>\n\n\n\n<p>La Fundaci\u00f3n Jean Maggi es una organizaci\u00f3n sin fin\u00e9s de lucro, creada para contribuir y aportar ayuda a los ni\u00f1os con discapacidad a trav\u00e9s del deporte.<\/p>\n\n\n\n<p>Sobre esta uni\u00f3n de trabajo, el dirigente de ajedrez sostuvo que \u00abestamos orgullosos de que alguien de prestigio internacional como Jean Maggi se sume a esta iniciativa. Con el aporte de la fundaci\u00f3n se puede acercar el ajedrez a sectores que antes no lo ten\u00edan como una alternativa posible. Creemos, al igual que \u00e9l, en el deporte como una fenomenal herramienta de integraci\u00f3n social y un complemento para desarrollar una vida plena y saludable\u00bb.<br><br><\/p>\n","protected":false},"excerpt":{"rendered":"<p>La Comisi\u00f3n de Ajedrez Adaptado de la Federaci\u00f3n de Ajedrez de C\u00f3rdoba, en conjunto con la Fundaci\u00f3n Jean Maggi, lanz\u00f3 una serie de&hellip;<\/p>\n","protected":false},"author":1,"featured_media":3326,"comment_status":"closed","ping_status":"closed","sticky":false,"template":"","format":"standard","meta":{"footnotes":""},"categories":[15,13,11],"tags":[],"class_list":["post-3325","post","type-post","status-publish","format-standard","has-post-thumbnail","hentry","category-noticias-2021","category-noticias-destacadas","category-presencia-institucional"],"_links":{"self":[{"href":"https:\/\/federacionargentinadeajedrez.org\/index.php?rest_route=\/wp\/v2\/posts\/3325","targetHints":{"allow":["GET"]}}],"collection":[{"href":"https:\/\/federacionargentinadeajedrez.org\/index.php?rest_route=\/wp\/v2\/posts"}],"about":[{"href":"https:\/\/federacionargentinadeajedrez.org\/index.php?rest_route=\/wp\/v2\/types\/post"}],"author":[{"embeddable":true,"href":"https:\/\/federacionargentinadeajedrez.org\/index.php?rest_route=\/wp\/v2\/users\/1"}],"replies":[{"embeddable":true,"href":"https:\/\/federacionargentinadeajedrez.org\/index.php?rest_route=%2Fwp%2Fv2%2Fcomments&post=3325"}],"version-history":[{"count":2,"href":"https:\/\/federacionargentinadeajedrez.org\/index.php?rest_route=\/wp\/v2\/posts\/3325\/revisions"}],"predecessor-version":[{"id":3328,"href":"https:\/\/federacionargentinadeajedrez.org\/index.php?rest_route=\/wp\/v2\/posts\/3325\/revisions\/3328"}],"wp:featuredmedia":[{"embeddable":true,"href":"https:\/\/federacionargentinadeajedrez.org\/index.php?rest_route=\/wp\/v2\/media\/3326"}],"wp:attachment":[{"href":"https:\/\/federacionargentinadeajedrez.org\/index.php?rest_route=%2Fwp%2Fv2%2Fmedia&parent=3325"}],"wp:term":[{"taxonomy":"category","embeddable":true,"href":"https:\/\/federacionargentinadeajedrez.org\/index.php?rest_route=%2Fwp%2Fv2%2Fcategories&post=3325"},{"taxonomy":"post_tag","embeddable":true,"href":"https:\/\/federacionargentinadeajedrez.org\/index.php?rest_route=%2Fwp%2Fv2%2Ftags&post=3325"}],"curies":[{"name":"wp","href":"https:\/\/api.w.org\/{rel}","templated":true}]}}