{"id":3441,"date":"2021-09-22T08:27:35","date_gmt":"2021-09-22T08:27:35","guid":{"rendered":"https:\/\/federacionargentinadeajedrez.org\/?p=3441"},"modified":"2021-09-22T08:27:36","modified_gmt":"2021-09-22T08:27:36","slug":"fada-anuncia-la-firma-de-un-acuerdo-con-el-ministerio-de-desarrollo-social-de-la-nacion","status":"publish","type":"post","link":"https:\/\/federacionargentinadeajedrez.org\/?p=3441","title":{"rendered":"FADA anuncia la firma de un acuerdo con el Ministerio de Desarrollo Social de la Naci\u00f3n"},"content":{"rendered":"\n<p>La Federaci\u00f3n Argentina de Ajedrez y el Ministerio de Desarrollo Social de la Naci\u00f3n anunciaron la firma de un acuerdo que tiene como objetivo el desarrollo de talleres de ajedrez en dispositivos penales juveniles privados de la libertad.<\/p>\n\n\n\n<p>De la firma participaron Gloria Bonatto (directora nacional para Adolescentes Infractores de la Ley Penal), Ignacio Fiamberti (sector articulaci\u00f3n institucional), y por parte de la FADA, Ing. Mario Petrucci (presidente) y el profesor H\u00e9ctor Fiori (secretario).<\/p>\n\n\n\n<figure class=\"wp-block-image size-large\"><img loading=\"lazy\" decoding=\"async\" width=\"541\" height=\"722\" src=\"https:\/\/federacionargentinadeajedrez.org\/wp-content\/uploads\/2021\/09\/IMG-20210922-WA0000-edited.jpg\" alt=\"\" class=\"wp-image-3443\" srcset=\"https:\/\/federacionargentinadeajedrez.org\/wp-content\/uploads\/2021\/09\/IMG-20210922-WA0000-edited.jpg 541w, https:\/\/federacionargentinadeajedrez.org\/wp-content\/uploads\/2021\/09\/IMG-20210922-WA0000-edited-225x300.jpg 225w\" sizes=\"auto, (max-width: 541px) 100vw, 541px\" \/><figcaption>El presidente de FADA Mario Petrucci en la firma de este convenio.<\/figcaption><\/figure>\n\n\n\n<p>Este acuerdo contempla el desarrollo de talleres de ajedrez en dispositivos penales juveniles privados de la libertad. El objetivo es que estos puedan convertirse en un espacio de inclusi\u00f3n socio-educativa y en instancias de aprendizajes valiosos que promuevan la igualdad de oportunidad de acceso a los bienes culturales, al mundo del trabajo y a la vida en sociedad de los adolescentes.<\/p>\n\n\n\n<p>Al momento se dictar\u00e1n talleres en las provincias de C\u00f3rdoba, Santa Fe, Jujuy, Chaco y Tucum\u00e1n, y se estima ampliar las sedes para el pr\u00f3ximo a\u00f1o. As\u00ed mismo los participantes podr\u00e1n disputar torneos y eventos organizados por la Federaci\u00f3n Argentina de Ajedrez.<\/p>\n","protected":false},"excerpt":{"rendered":"<p>La Federaci\u00f3n Argentina de Ajedrez y el Ministerio de Desarrollo Social de la Naci\u00f3n anunciaron la firma de un acuerdo que tiene como&hellip;<\/p>\n","protected":false},"author":1,"featured_media":3443,"comment_status":"closed","ping_status":"closed","sticky":false,"template":"","format":"standard","meta":{"footnotes":""},"categories":[15,13,11],"tags":[],"class_list":["post-3441","post","type-post","status-publish","format-standard","has-post-thumbnail","hentry","category-noticias-2021","category-noticias-destacadas","category-presencia-institucional"],"_links":{"self":[{"href":"https:\/\/federacionargentinadeajedrez.org\/index.php?rest_route=\/wp\/v2\/posts\/3441","targetHints":{"allow":["GET"]}}],"collection":[{"href":"https:\/\/federacionargentinadeajedrez.org\/index.php?rest_route=\/wp\/v2\/posts"}],"about":[{"href":"https:\/\/federacionargentinadeajedrez.org\/index.php?rest_route=\/wp\/v2\/types\/post"}],"author":[{"embeddable":true,"href":"https:\/\/federacionargentinadeajedrez.org\/index.php?rest_route=\/wp\/v2\/users\/1"}],"replies":[{"embeddable":true,"href":"https:\/\/federacionargentinadeajedrez.org\/index.php?rest_route=%2Fwp%2Fv2%2Fcomments&post=3441"}],"version-history":[{"count":1,"href":"https:\/\/federacionargentinadeajedrez.org\/index.php?rest_route=\/wp\/v2\/posts\/3441\/revisions"}],"predecessor-version":[{"id":3444,"href":"https:\/\/federacionargentinadeajedrez.org\/index.php?rest_route=\/wp\/v2\/posts\/3441\/revisions\/3444"}],"wp:featuredmedia":[{"embeddable":true,"href":"https:\/\/federacionargentinadeajedrez.org\/index.php?rest_route=\/wp\/v2\/media\/3443"}],"wp:attachment":[{"href":"https:\/\/federacionargentinadeajedrez.org\/index.php?rest_route=%2Fwp%2Fv2%2Fmedia&parent=3441"}],"wp:term":[{"taxonomy":"category","embeddable":true,"href":"https:\/\/federacionargentinadeajedrez.org\/index.php?rest_route=%2Fwp%2Fv2%2Fcategories&post=3441"},{"taxonomy":"post_tag","embeddable":true,"href":"https:\/\/federacionargentinadeajedrez.org\/index.php?rest_route=%2Fwp%2Fv2%2Ftags&post=3441"}],"curies":[{"name":"wp","href":"https:\/\/api.w.org\/{rel}","templated":true}]}}