{"id":3445,"date":"2021-09-24T22:41:34","date_gmt":"2021-09-24T22:41:34","guid":{"rendered":"https:\/\/federacionargentinadeajedrez.org\/?p=3445"},"modified":"2021-09-24T22:41:35","modified_gmt":"2021-09-24T22:41:35","slug":"el-primer-festival-de-ajedrez-santafesino-se-apronta-para-el-debut","status":"publish","type":"post","link":"https:\/\/federacionargentinadeajedrez.org\/?p=3445","title":{"rendered":"El primer Festival de Ajedrez santafesino se apronta para el debut"},"content":{"rendered":"\n<figure class=\"wp-block-image size-large\"><img loading=\"lazy\" decoding=\"async\" width=\"1024\" height=\"1024\" src=\"https:\/\/federacionargentinadeajedrez.org\/wp-content\/uploads\/2021\/08\/irtsantafesino1-1024x1024.jpg\" alt=\"\" class=\"wp-image-3323\" srcset=\"https:\/\/federacionargentinadeajedrez.org\/wp-content\/uploads\/2021\/08\/irtsantafesino1-1024x1024.jpg 1024w, https:\/\/federacionargentinadeajedrez.org\/wp-content\/uploads\/2021\/08\/irtsantafesino1-300x300.jpg 300w, https:\/\/federacionargentinadeajedrez.org\/wp-content\/uploads\/2021\/08\/irtsantafesino1-150x150.jpg 150w, https:\/\/federacionargentinadeajedrez.org\/wp-content\/uploads\/2021\/08\/irtsantafesino1-768x768.jpg 768w, https:\/\/federacionargentinadeajedrez.org\/wp-content\/uploads\/2021\/08\/irtsantafesino1.jpg 1080w\" sizes=\"auto, (max-width: 1024px) 100vw, 1024px\" \/><\/figure>\n\n\n\n<p>Desde el 24 al 26 de Septiembre, en Santa Fe se realizar\u00e1 el primer festival de ajedrez en El Molino F\u00e1brica Cultural. El evento es organizado en forma conjunta por el Ministerio de Cultura de dicha provincia junto a la Federaci\u00f3n Santafesina de Ajedrez.En escasas horas, Santa Fe tendr\u00e1 el debut de su primer festival de ajedrez.<br> <br>El torneo central es el IRT \u201cPrimavera\u201d con puntaje para el sistema de ranking internacional denominado ELO. De este podr\u00e1n participar jugadores\/as de hasta 2200 puntos en dicho ranking. Adem\u00e1s se desarrollar\u00e1n torneos infantiles, juveniles y para principiantes, y el Campeonato Santafesino de Ajedrez R\u00e1pido denominado Blitz.\u00bbEl objetivo es volver a reencontrarnos oficialmente despu\u00e9s del arranque de la pandemia. Estar cara a cara, que es lo que mas nos gusta\u00bb, comenta el Maestro Internacional santafesino Roberto Servat, campe\u00f3n de m\u00faltiples torneos a lo largo de su carrera.<br><br>Entre las actividades programadas tambi\u00e9n habr\u00e1 partidas simult\u00e1neas que brindar\u00e1n Roberto Servat y el ex campe\u00f3n argentino juvenil y maestro FIDE Santiago Zapata Charles. Tambi\u00e9n se habilitar\u00e1 un espacio de \u201cAjedrez al paso\u201d, donde cualquier aficionado y aficionada podr\u00e1 jugar partidas.<br><br>\u00abEstas actividades sirven mucho para llegar a la gente que no juega tanto al deporte o que no asiste a los clubes. Vamos a vivir una jornada especial\u00bb, agrega Roberto Servat a la web de FADA sobre este evento que comenzar\u00e1 el viernes 24 a las 10:00 con la ceremonia inaugural y continuar\u00e1 hasta el domingo 26 con distintas actividades de ajedrez.<br><br>La entrada ser\u00e1 libre y gratuita, con cupos limitados para observar las actividades y participar de las simult\u00e1neas y del ajedrez al paso, con los protocolos de salud correspondiente.<br><br><\/p>\n","protected":false},"excerpt":{"rendered":"<p>Desde el 24 al 26 de Septiembre, en Santa Fe se realizar\u00e1 el primer festival de ajedrez en El Molino F\u00e1brica Cultural. El&hellip;<\/p>\n","protected":false},"author":1,"featured_media":3323,"comment_status":"closed","ping_status":"closed","sticky":false,"template":"","format":"standard","meta":{"footnotes":""},"categories":[15,6],"tags":[],"class_list":["post-3445","post","type-post","status-publish","format-standard","has-post-thumbnail","hentry","category-noticias-2021","category-torneos-en-argentina"],"_links":{"self":[{"href":"https:\/\/federacionargentinadeajedrez.org\/index.php?rest_route=\/wp\/v2\/posts\/3445","targetHints":{"allow":["GET"]}}],"collection":[{"href":"https:\/\/federacionargentinadeajedrez.org\/index.php?rest_route=\/wp\/v2\/posts"}],"about":[{"href":"https:\/\/federacionargentinadeajedrez.org\/index.php?rest_route=\/wp\/v2\/types\/post"}],"author":[{"embeddable":true,"href":"https:\/\/federacionargentinadeajedrez.org\/index.php?rest_route=\/wp\/v2\/users\/1"}],"replies":[{"embeddable":true,"href":"https:\/\/federacionargentinadeajedrez.org\/index.php?rest_route=%2Fwp%2Fv2%2Fcomments&post=3445"}],"version-history":[{"count":1,"href":"https:\/\/federacionargentinadeajedrez.org\/index.php?rest_route=\/wp\/v2\/posts\/3445\/revisions"}],"predecessor-version":[{"id":3446,"href":"https:\/\/federacionargentinadeajedrez.org\/index.php?rest_route=\/wp\/v2\/posts\/3445\/revisions\/3446"}],"wp:featuredmedia":[{"embeddable":true,"href":"https:\/\/federacionargentinadeajedrez.org\/index.php?rest_route=\/wp\/v2\/media\/3323"}],"wp:attachment":[{"href":"https:\/\/federacionargentinadeajedrez.org\/index.php?rest_route=%2Fwp%2Fv2%2Fmedia&parent=3445"}],"wp:term":[{"taxonomy":"category","embeddable":true,"href":"https:\/\/federacionargentinadeajedrez.org\/index.php?rest_route=%2Fwp%2Fv2%2Fcategories&post=3445"},{"taxonomy":"post_tag","embeddable":true,"href":"https:\/\/federacionargentinadeajedrez.org\/index.php?rest_route=%2Fwp%2Fv2%2Ftags&post=3445"}],"curies":[{"name":"wp","href":"https:\/\/api.w.org\/{rel}","templated":true}]}}