{"id":347,"date":"2019-07-28T19:36:52","date_gmt":"2019-07-28T19:36:52","guid":{"rendered":"https:\/\/federacionargentinadeajedrez.org\/?p=347"},"modified":"2019-07-28T20:10:43","modified_gmt":"2019-07-28T20:10:43","slug":"panamericano-de-ecuador-dos-oros-y-una-plata-para-argentina","status":"publish","type":"post","link":"https:\/\/federacionargentinadeajedrez.org\/?p=347","title":{"rendered":"Panamericano de Ecuador: dos oros y una plata para Argentina"},"content":{"rendered":"\n<p>El d\u00eda de ayer finalizo el Festival panamericano de la juventud 2019 que tuvo lugar en la ciudad de Guyaquil, Ecuador y cont\u00f3 con la participaci\u00f3n de m\u00e1s de 600 jugadores de toda am\u00e9rica.<\/p>\n\n\n\n<p>Argentina cont\u00f3 con la representaci\u00f3n de 25 j\u00f3venes ajedrecistas de todo el pa\u00eds y obtuvo dos primeros puestos y un sub campeonato. El actual n\u00famero 1 del ranking mundial sub 8 CM Ilan Schnaider se corono en la categor\u00eda sub 8 absoluto luego de obtener 8 puntos en 9 partidas disputadas.  La segunda medalla dorada de nuestro pa\u00eds llego de la mano de la campeona Argentina sub 16 femenino WFM Anapaola Borda Rodas que en una definici\u00f3n ajustada supero a sus rivales y con 7 puntos quedo en el primer lugar. La medalla de plata la obtuvo la representante de Ajedrez Martelli WCM Candela Francisco Guecamburu que se ubico en la segunda ubicaci\u00f3n de  la categor\u00eda sub 14 femenino, Candela termino invicta producto de 5 victorias y 4 empates.<br><br><br><br>Desde la Federaci\u00f3n Argentina de Ajedrez felicitamos a todos nuestros representantes, padres, acompa\u00f1antes y entrenadores que formaron parte de la delegaci\u00f3n que una vez m\u00e1s dejo bien en alto la bandera Argentina en un certamen internacional. <\/p>\n\n\n\n<ul class=\"wp-block-gallery columns-3 is-cropped wp-block-gallery-1 is-layout-flex wp-block-gallery-is-layout-flex\"><li class=\"blocks-gallery-item\"><figure><img loading=\"lazy\" decoding=\"async\" width=\"640\" height=\"960\" src=\"https:\/\/federacionargentinadeajedrez.org\/wp-content\/uploads\/2019\/07\/Ilan.jpg\" alt=\"\" data-id=\"356\" data-link=\"https:\/\/federacionargentinadeajedrez.org\/?attachment_id=356\" class=\"wp-image-356\" srcset=\"https:\/\/federacionargentinadeajedrez.org\/wp-content\/uploads\/2019\/07\/Ilan.jpg 640w, https:\/\/federacionargentinadeajedrez.org\/wp-content\/uploads\/2019\/07\/Ilan-200x300.jpg 200w\" sizes=\"auto, (max-width: 640px) 100vw, 640px\" \/><figcaption>Ilan<\/figcaption><\/figure><\/li><li class=\"blocks-gallery-item\"><figure><img loading=\"lazy\" decoding=\"async\" width=\"960\" height=\"720\" src=\"https:\/\/federacionargentinadeajedrez.org\/wp-content\/uploads\/2019\/07\/panaecua2.jpg\" alt=\"\" data-id=\"357\" data-link=\"https:\/\/federacionargentinadeajedrez.org\/?attachment_id=357\" class=\"wp-image-357\" srcset=\"https:\/\/federacionargentinadeajedrez.org\/wp-content\/uploads\/2019\/07\/panaecua2.jpg 960w, https:\/\/federacionargentinadeajedrez.org\/wp-content\/uploads\/2019\/07\/panaecua2-300x225.jpg 300w, https:\/\/federacionargentinadeajedrez.org\/wp-content\/uploads\/2019\/07\/panaecua2-768x576.jpg 768w\" sizes=\"auto, (max-width: 960px) 100vw, 960px\" \/><figcaption>Anapaola y Candela<\/figcaption><\/figure><\/li><li class=\"blocks-gallery-item\"><figure><img loading=\"lazy\" decoding=\"async\" width=\"960\" height=\"640\" src=\"https:\/\/federacionargentinadeajedrez.org\/wp-content\/uploads\/2019\/07\/candela.jpg\" alt=\"\" data-id=\"355\" data-link=\"https:\/\/federacionargentinadeajedrez.org\/?attachment_id=355\" class=\"wp-image-355\" srcset=\"https:\/\/federacionargentinadeajedrez.org\/wp-content\/uploads\/2019\/07\/candela.jpg 960w, https:\/\/federacionargentinadeajedrez.org\/wp-content\/uploads\/2019\/07\/candela-300x200.jpg 300w, https:\/\/federacionargentinadeajedrez.org\/wp-content\/uploads\/2019\/07\/candela-768x512.jpg 768w\" sizes=\"auto, (max-width: 960px) 100vw, 960px\" \/><figcaption>Candela en el podio<\/figcaption><\/figure><\/li><li class=\"blocks-gallery-item\"><figure><img loading=\"lazy\" decoding=\"async\" width=\"960\" height=\"720\" src=\"https:\/\/federacionargentinadeajedrez.org\/wp-content\/uploads\/2019\/07\/argpanamericano19.jpg\" alt=\"\" data-id=\"330\" data-link=\"https:\/\/federacionargentinadeajedrez.org\/?attachment_id=330\" class=\"wp-image-330\" srcset=\"https:\/\/federacionargentinadeajedrez.org\/wp-content\/uploads\/2019\/07\/argpanamericano19.jpg 960w, https:\/\/federacionargentinadeajedrez.org\/wp-content\/uploads\/2019\/07\/argpanamericano19-300x225.jpg 300w, https:\/\/federacionargentinadeajedrez.org\/wp-content\/uploads\/2019\/07\/argpanamericano19-768x576.jpg 768w\" sizes=\"auto, (max-width: 960px) 100vw, 960px\" \/><figcaption>\u00a1Vamos Argentina!<\/figcaption><\/figure><\/li><\/ul>\n\n\n\n<h3 class=\"wp-block-heading\">Representantes de Argentina<\/h3>\n\n\n\n<figure class=\"wp-block-image\"><img decoding=\"async\" src=\"http:\/\/chess-results.com\/images\/f90\/tn_ARG.gif\" alt=\"ARG\"\/><\/figure>\n\n\n\n<table class=\"wp-block-table\"><tbody><tr><td>No.Ini.<\/td><td><\/td><td>Nombre<\/td><td>FIDE<\/td><td>FED<\/td><td>1<\/td><td>2<\/td><td>3<\/td><td>4<\/td><td>5<\/td><td>6<\/td><td>7<\/td><td>8<\/td><td>9<\/td><td>Pts.<\/td><td>Rk.<\/td><td>Grupo<\/td><\/tr><tr><td>1<\/td><td>CM<\/td><td>Schnaider Ilan<\/td><td>1817<\/td><td>ARG<\/td><td>1<\/td><td>1<\/td><td>1<\/td><td>1<\/td><td>1<\/td><td>\u00bd<\/td><td>\u00bd<\/td><td>1<\/td><td>1<\/td><td>8,0<\/td><td>1<\/td><td>U08 Abs<\/td><\/tr><tr><td>3<\/td><td><\/td><td>Lavandeira Juan Facundo<\/td><td>1536<\/td><td>ARG<\/td><td>1<\/td><td>\u00bd<\/td><td>1<\/td><td>0<\/td><td>\u00bd<\/td><td>1<\/td><td>\u00bd<\/td><td>\u00bd<\/td><td>1<\/td><td>6,0<\/td><td>18<\/td><td>U10 Abs<\/td><\/tr><tr><td>3<\/td><td>WCM<\/td><td>Veliz Daira Isis<\/td><td>1476<\/td><td>ARG<\/td><td>\u00bd<\/td><td>1<\/td><td>0<\/td><td>1<\/td><td>1<\/td><td>1<\/td><td>1<\/td><td>0<\/td><td>1<\/td><td>6,5<\/td><td>4<\/td><td>U10 Fem<\/td><\/tr><tr><td>3<\/td><td><\/td><td>De La Cruz Navarro Martin Leona<\/td><td>1869<\/td><td>ARG<\/td><td>0<\/td><td>1<\/td><td>\u00bd<\/td><td>1<\/td><td>\u00bd<\/td><td>1<\/td><td>0<\/td><td>1<\/td><td>\u00bd<\/td><td>5,5<\/td><td>18<\/td><td>U12 Abs<\/td><\/tr><tr><td>24<\/td><td><\/td><td>Najurieta Tiziano<\/td><td>1547<\/td><td>ARG<\/td><td>0<\/td><td>\u00bd<\/td><td>1<\/td><td>0<\/td><td>0<\/td><td>\u00bd<\/td><td>1<\/td><td>0<\/td><td>1<\/td><td>4,0<\/td><td>52<\/td><td>U12 Abs<\/td><\/tr><tr><td>25<\/td><td><\/td><td>Fuentes Agustin<\/td><td>1531<\/td><td>ARG<\/td><td>1<\/td><td>0<\/td><td>1<\/td><td>\u00bd<\/td><td>0<\/td><td>0<\/td><td>1<\/td><td>\u00bd<\/td><td>1<\/td><td>5,0<\/td><td>29<\/td><td>U12 Abs<\/td><\/tr><tr><td>24<\/td><td><\/td><td>Farhat Francisco<\/td><td>1674<\/td><td>ARG<\/td><td>1<\/td><td>0<\/td><td>1<\/td><td>\u00bd<\/td><td>0<\/td><td>1<\/td><td>1<\/td><td>0<\/td><td>0<\/td><td>4,5<\/td><td>40<\/td><td>U14 Abs<\/td><\/tr><tr><td>2<\/td><td>WCM<\/td><td>Francisco Guecamburu Candela Be<\/td><td>1809<\/td><td>ARG<\/td><td>1<\/td><td>\u00bd<\/td><td>1<\/td><td>1<\/td><td>1<\/td><td>\u00bd<\/td><td>\u00bd<\/td><td>1<\/td><td>\u00bd<\/td><td>7,0<\/td><td>2<\/td><td>U14 Fem<\/td><\/tr><tr><td>6<\/td><td><\/td><td>Asprelli Gaspar<\/td><td>2063<\/td><td>ARG<\/td><td>1<\/td><td>0<\/td><td>\u00bd<\/td><td>1<\/td><td>\u00bd<\/td><td>1<\/td><td>\u00bd<\/td><td>0<\/td><td>0<\/td><td>4,5<\/td><td>33<\/td><td>U16 Abs<\/td><\/tr><tr><td>16<\/td><td><\/td><td>Hakanson Ian<\/td><td>1914<\/td><td>ARG<\/td><td>\u00bd<\/td><td>1<\/td><td>1<\/td><td>\u00bd<\/td><td>1<\/td><td>0<\/td><td>0<\/td><td>0<\/td><td>\u00bd<\/td><td>4,5<\/td><td>32<\/td><td>U16 Abs<\/td><\/tr><tr><td>21<\/td><td><\/td><td>Villarreal Agustin<\/td><td>1826<\/td><td>ARG<\/td><td>0<\/td><td>1<\/td><td>\u00bd<\/td><td>1<\/td><td>\u00bd<\/td><td>0<\/td><td>1<\/td><td>0<\/td><td>0<\/td><td>4,0<\/td><td>37<\/td><td>U16 Abs<\/td><\/tr><tr><td>2<\/td><td>WFM<\/td><td>Borda Rodas Anapaola S.<\/td><td>1958<\/td><td>ARG<\/td><td>1<\/td><td>1<\/td><td>\u00bd<\/td><td>1<\/td><td>1<\/td><td>\u00bd<\/td><td>1<\/td><td>0<\/td><td>1<\/td><td>7,0<\/td><td>1<\/td><td>U16 Fem<\/td><\/tr><tr><td>2<\/td><td>FM<\/td><td>Varacalli Francisco<\/td><td>2306<\/td><td>ARG<\/td><td>1<\/td><td>0<\/td><td>\u00bd<\/td><td>1<\/td><td>\u00bd<\/td><td>\u00bd<\/td><td>1<\/td><td>1<\/td><td>\u00bd<\/td><td>6,0<\/td><td>6<\/td><td>U18 Abs<\/td><\/tr><tr><td>12<\/td><td><\/td><td>Veliz Ariel<\/td><td>2102<\/td><td>ARG<\/td><td>1<\/td><td>\u00bd<\/td><td>1<\/td><td>0<\/td><td>0<\/td><td>1<\/td><td>1<\/td><td>0<\/td><td>1<\/td><td>5,5<\/td><td>8<\/td><td>U18 Abs<\/td><\/tr><tr><td>22<\/td><td><\/td><td>Nadal Alan<\/td><td>1953<\/td><td>ARG<\/td><td>0<\/td><td>1<\/td><td>0<\/td><td>0<\/td><td>1<\/td><td>1<\/td><td>\u00bd<\/td><td>0<\/td><td>0<\/td><td>3,5<\/td><td>31<\/td><td>U18 Abs<\/td><\/tr><tr><td>4<\/td><td><\/td><td>Bank Valeria<\/td><td>1875<\/td><td>ARG<\/td><td>1<\/td><td>\u00bd<\/td><td>1<\/td><td>0<\/td><td>0<\/td><td>0<\/td><td>0<\/td><td>1<\/td><td>1<\/td><td>4,5<\/td><td>13<\/td><td>U18 Fem<\/td><\/tr><\/tbody><\/table>\n","protected":false},"excerpt":{"rendered":"<p>El d\u00eda de ayer finalizo el Festival panamericano de la juventud 2019 que tuvo lugar en la ciudad de Guyaquil, Ecuador y cont\u00f3&hellip;<\/p>\n","protected":false},"author":1,"featured_media":359,"comment_status":"closed","ping_status":"closed","sticky":false,"template":"","format":"standard","meta":{"footnotes":""},"categories":[5,4],"tags":[],"class_list":["post-347","post","type-post","status-publish","format-standard","has-post-thumbnail","hentry","category-noticias-2019","category-torneos-oficiales-2019"],"_links":{"self":[{"href":"https:\/\/federacionargentinadeajedrez.org\/index.php?rest_route=\/wp\/v2\/posts\/347","targetHints":{"allow":["GET"]}}],"collection":[{"href":"https:\/\/federacionargentinadeajedrez.org\/index.php?rest_route=\/wp\/v2\/posts"}],"about":[{"href":"https:\/\/federacionargentinadeajedrez.org\/index.php?rest_route=\/wp\/v2\/types\/post"}],"author":[{"embeddable":true,"href":"https:\/\/federacionargentinadeajedrez.org\/index.php?rest_route=\/wp\/v2\/users\/1"}],"replies":[{"embeddable":true,"href":"https:\/\/federacionargentinadeajedrez.org\/index.php?rest_route=%2Fwp%2Fv2%2Fcomments&post=347"}],"version-history":[{"count":7,"href":"https:\/\/federacionargentinadeajedrez.org\/index.php?rest_route=\/wp\/v2\/posts\/347\/revisions"}],"predecessor-version":[{"id":358,"href":"https:\/\/federacionargentinadeajedrez.org\/index.php?rest_route=\/wp\/v2\/posts\/347\/revisions\/358"}],"wp:featuredmedia":[{"embeddable":true,"href":"https:\/\/federacionargentinadeajedrez.org\/index.php?rest_route=\/wp\/v2\/media\/359"}],"wp:attachment":[{"href":"https:\/\/federacionargentinadeajedrez.org\/index.php?rest_route=%2Fwp%2Fv2%2Fmedia&parent=347"}],"wp:term":[{"taxonomy":"category","embeddable":true,"href":"https:\/\/federacionargentinadeajedrez.org\/index.php?rest_route=%2Fwp%2Fv2%2Fcategories&post=347"},{"taxonomy":"post_tag","embeddable":true,"href":"https:\/\/federacionargentinadeajedrez.org\/index.php?rest_route=%2Fwp%2Fv2%2Ftags&post=347"}],"curies":[{"name":"wp","href":"https:\/\/api.w.org\/{rel}","templated":true}]}}