{"id":3645,"date":"2021-11-23T15:33:28","date_gmt":"2021-11-23T15:33:28","guid":{"rendered":"https:\/\/federacionargentinadeajedrez.org\/?p=3645"},"modified":"2021-11-23T15:49:16","modified_gmt":"2021-11-23T15:49:16","slug":"la-comision-de-genero-de-fada-realizo-su-presentacion-anual-en-el-comite-olimpico-argentino","status":"publish","type":"post","link":"https:\/\/federacionargentinadeajedrez.org\/?p=3645","title":{"rendered":"La comisi\u00f3n de genero de FADA realizo su presentaci\u00f3n anual en el Comit\u00e9 Ol\u00edmpico Argentino"},"content":{"rendered":"\n<figure class=\"wp-block-image size-large\"><img loading=\"lazy\" decoding=\"async\" width=\"1024\" height=\"576\" src=\"https:\/\/federacionargentinadeajedrez.org\/wp-content\/uploads\/2021\/11\/GENERO1-1024x576.jpg\" alt=\"\" class=\"wp-image-3647\" srcset=\"https:\/\/federacionargentinadeajedrez.org\/wp-content\/uploads\/2021\/11\/GENERO1-1024x576.jpg 1024w, https:\/\/federacionargentinadeajedrez.org\/wp-content\/uploads\/2021\/11\/GENERO1-300x169.jpg 300w, https:\/\/federacionargentinadeajedrez.org\/wp-content\/uploads\/2021\/11\/GENERO1-768x432.jpg 768w, https:\/\/federacionargentinadeajedrez.org\/wp-content\/uploads\/2021\/11\/GENERO1-1536x864.jpg 1536w, https:\/\/federacionargentinadeajedrez.org\/wp-content\/uploads\/2021\/11\/GENERO1.jpg 1600w\" sizes=\"auto, (max-width: 1024px) 100vw, 1024px\" \/><figcaption>Fanny Perez e Ivanna Petrucci en la presentaci\u00f3n anual del COA<\/figcaption><\/figure>\n\n\n\n<p>La comisi\u00f3n de g\u00e9nero de la Federaci\u00f3n Argentina de Ajedrez a trav\u00e9s de Fanny Perez e Ivanna Petrucci present\u00f3 el informe anual al COMIT\u00c9 OL\u00cdMPICO ARGENTINO en el cual se presentaron todas las acciones y actividades realizadas durante este a\u00f1o, adem\u00e1s presentaron un calendario de actividades previstas para el a\u00f1o 2022.  En esta jornada de la cual participaron varias federaciones deportivas del pa\u00eds tambi\u00e9n  se realizo la invitaci\u00f3n a la COMISI\u00d3N DE MUJERES EN EL DEPORTE para que se realice una reuni\u00f3n en la sede de FADA.<\/p>\n\n\n\n<p>Durante este 2021 la comisi\u00f3n de g\u00e9nero de FADA se destac\u00f3 como una de las m\u00e1s activas, participando de los cursos y conferencias tanto dentro del \u00e1mbito ol\u00edmpico como las llevadas a cabo por la SECRETARIA DE DEPORTES DE LA NACI\u00d3N, la FADA reiter\u00f3 su compromiso en apoyar las actividades mixtas con el objetivo de igualdad de g\u00e9nero.<br><br><\/p>\n\n\n\n<figure class=\"wp-block-gallery columns-1 is-cropped wp-block-gallery-1 is-layout-flex wp-block-gallery-is-layout-flex\"><ul class=\"blocks-gallery-grid\"><li class=\"blocks-gallery-item\"><figure><img loading=\"lazy\" decoding=\"async\" width=\"1024\" height=\"768\" src=\"https:\/\/federacionargentinadeajedrez.org\/wp-content\/uploads\/2021\/11\/GENEROTODO1-1024x768.jpg\" alt=\"\" data-id=\"3654\" data-full-url=\"https:\/\/federacionargentinadeajedrez.org\/wp-content\/uploads\/2021\/11\/GENEROTODO1.jpg\" data-link=\"https:\/\/federacionargentinadeajedrez.org\/?attachment_id=3654\" class=\"wp-image-3654\" srcset=\"https:\/\/federacionargentinadeajedrez.org\/wp-content\/uploads\/2021\/11\/GENEROTODO1-1024x768.jpg 1024w, https:\/\/federacionargentinadeajedrez.org\/wp-content\/uploads\/2021\/11\/GENEROTODO1-300x225.jpg 300w, https:\/\/federacionargentinadeajedrez.org\/wp-content\/uploads\/2021\/11\/GENEROTODO1-768x576.jpg 768w, https:\/\/federacionargentinadeajedrez.org\/wp-content\/uploads\/2021\/11\/GENEROTODO1-1536x1152.jpg 1536w, https:\/\/federacionargentinadeajedrez.org\/wp-content\/uploads\/2021\/11\/GENEROTODO1.jpg 1600w\" sizes=\"auto, (max-width: 1024px) 100vw, 1024px\" \/><figcaption class=\"blocks-gallery-item__caption\">Representantes de todas las federaciones deportivas del pa\u00eds.<\/figcaption><\/figure><\/li><li class=\"blocks-gallery-item\"><figure><img loading=\"lazy\" decoding=\"async\" width=\"900\" height=\"966\" src=\"https:\/\/federacionargentinadeajedrez.org\/wp-content\/uploads\/2021\/11\/GENERO3.jpg\" alt=\"\" data-id=\"3655\" data-full-url=\"https:\/\/federacionargentinadeajedrez.org\/wp-content\/uploads\/2021\/11\/GENERO3.jpg\" data-link=\"https:\/\/federacionargentinadeajedrez.org\/?attachment_id=3655\" class=\"wp-image-3655\" srcset=\"https:\/\/federacionargentinadeajedrez.org\/wp-content\/uploads\/2021\/11\/GENERO3.jpg 900w, https:\/\/federacionargentinadeajedrez.org\/wp-content\/uploads\/2021\/11\/GENERO3-280x300.jpg 280w, https:\/\/federacionargentinadeajedrez.org\/wp-content\/uploads\/2021\/11\/GENERO3-768x824.jpg 768w\" sizes=\"auto, (max-width: 900px) 100vw, 900px\" \/><\/figure><\/li><\/ul><\/figure>\n","protected":false},"excerpt":{"rendered":"<p>La comisi\u00f3n de g\u00e9nero de la Federaci\u00f3n Argentina de Ajedrez a trav\u00e9s de Fanny Perez e Ivanna Petrucci present\u00f3 el informe anual al&hellip;<\/p>\n","protected":false},"author":1,"featured_media":3648,"comment_status":"closed","ping_status":"closed","sticky":false,"template":"","format":"standard","meta":{"footnotes":""},"categories":[17,15,13,11],"tags":[],"class_list":["post-3645","post","type-post","status-publish","format-standard","has-post-thumbnail","hentry","category-comision-de-genero","category-noticias-2021","category-noticias-destacadas","category-presencia-institucional"],"_links":{"self":[{"href":"https:\/\/federacionargentinadeajedrez.org\/index.php?rest_route=\/wp\/v2\/posts\/3645","targetHints":{"allow":["GET"]}}],"collection":[{"href":"https:\/\/federacionargentinadeajedrez.org\/index.php?rest_route=\/wp\/v2\/posts"}],"about":[{"href":"https:\/\/federacionargentinadeajedrez.org\/index.php?rest_route=\/wp\/v2\/types\/post"}],"author":[{"embeddable":true,"href":"https:\/\/federacionargentinadeajedrez.org\/index.php?rest_route=\/wp\/v2\/users\/1"}],"replies":[{"embeddable":true,"href":"https:\/\/federacionargentinadeajedrez.org\/index.php?rest_route=%2Fwp%2Fv2%2Fcomments&post=3645"}],"version-history":[{"count":4,"href":"https:\/\/federacionargentinadeajedrez.org\/index.php?rest_route=\/wp\/v2\/posts\/3645\/revisions"}],"predecessor-version":[{"id":3656,"href":"https:\/\/federacionargentinadeajedrez.org\/index.php?rest_route=\/wp\/v2\/posts\/3645\/revisions\/3656"}],"wp:featuredmedia":[{"embeddable":true,"href":"https:\/\/federacionargentinadeajedrez.org\/index.php?rest_route=\/wp\/v2\/media\/3648"}],"wp:attachment":[{"href":"https:\/\/federacionargentinadeajedrez.org\/index.php?rest_route=%2Fwp%2Fv2%2Fmedia&parent=3645"}],"wp:term":[{"taxonomy":"category","embeddable":true,"href":"https:\/\/federacionargentinadeajedrez.org\/index.php?rest_route=%2Fwp%2Fv2%2Fcategories&post=3645"},{"taxonomy":"post_tag","embeddable":true,"href":"https:\/\/federacionargentinadeajedrez.org\/index.php?rest_route=%2Fwp%2Fv2%2Ftags&post=3645"}],"curies":[{"name":"wp","href":"https:\/\/api.w.org\/{rel}","templated":true}]}}