{"id":3796,"date":"2021-12-14T03:22:00","date_gmt":"2021-12-14T03:22:00","guid":{"rendered":"https:\/\/federacionargentinadeajedrez.org\/?p=3796"},"modified":"2021-12-15T03:26:30","modified_gmt":"2021-12-15T03:26:30","slug":"activa-agenda-de-trabajo-del-presidente-de-fada","status":"publish","type":"post","link":"https:\/\/federacionargentinadeajedrez.org\/?p=3796","title":{"rendered":"Activa agenda de trabajo del presidente de FADA"},"content":{"rendered":"\n<p>En la tarde del d\u00eda de ayer durante la octava ronda del campeonato argentino superior el presidente de la Federaci\u00f3n Argentina de Ajedrez Mario Petrucci mantuvo diferentes reuniones de trabajo, en primer t\u00e9rmino con Nahuel Santianes (Organizador de Villa Constituci\u00f3n &#8211; Santa Fe) y Martin Lenzi (Gerente de relaciones con la comunidad de Acindar-ArcelorMittal) con los cuales realizaron un balance de las actividades realizadas durante este 2021 y de las diferentes propuestas de torneos a realizar en el 2022.<\/p>\n\n\n\n<figure class=\"wp-block-image size-large\"><img loading=\"lazy\" decoding=\"async\" width=\"1024\" height=\"1024\" src=\"https:\/\/federacionargentinadeajedrez.org\/wp-content\/uploads\/2021\/12\/IMG_20211214_153850_649-1024x1024.jpg\" alt=\"\" class=\"wp-image-3797\" srcset=\"https:\/\/federacionargentinadeajedrez.org\/wp-content\/uploads\/2021\/12\/IMG_20211214_153850_649-1024x1024.jpg 1024w, https:\/\/federacionargentinadeajedrez.org\/wp-content\/uploads\/2021\/12\/IMG_20211214_153850_649-300x300.jpg 300w, https:\/\/federacionargentinadeajedrez.org\/wp-content\/uploads\/2021\/12\/IMG_20211214_153850_649-150x150.jpg 150w, https:\/\/federacionargentinadeajedrez.org\/wp-content\/uploads\/2021\/12\/IMG_20211214_153850_649-768x768.jpg 768w, https:\/\/federacionargentinadeajedrez.org\/wp-content\/uploads\/2021\/12\/IMG_20211214_153850_649.jpg 1080w\" sizes=\"auto, (max-width: 1024px) 100vw, 1024px\" \/><\/figure>\n\n\n\n<p><\/p>\n\n\n\n<p>Luego el presidente de FADA recibi\u00f3 al director de la Fundaci\u00f3n Navarro Viola Enrique Valiente Noailles con qui\u00e9n tambi\u00e9n pudieron hablar de diferentes actividades a realizar en el 2022 a\u00f1o del centenario de nuestra Federaci\u00f3n.<\/p>\n\n\n\n<figure class=\"wp-block-image size-full\"><img loading=\"lazy\" decoding=\"async\" width=\"1011\" height=\"1011\" src=\"https:\/\/federacionargentinadeajedrez.org\/wp-content\/uploads\/2021\/12\/IMG_20211214_153850_654.jpg\" alt=\"\" class=\"wp-image-3798\" srcset=\"https:\/\/federacionargentinadeajedrez.org\/wp-content\/uploads\/2021\/12\/IMG_20211214_153850_654.jpg 1011w, https:\/\/federacionargentinadeajedrez.org\/wp-content\/uploads\/2021\/12\/IMG_20211214_153850_654-300x300.jpg 300w, https:\/\/federacionargentinadeajedrez.org\/wp-content\/uploads\/2021\/12\/IMG_20211214_153850_654-150x150.jpg 150w, https:\/\/federacionargentinadeajedrez.org\/wp-content\/uploads\/2021\/12\/IMG_20211214_153850_654-768x768.jpg 768w\" sizes=\"auto, (max-width: 1011px) 100vw, 1011px\" \/><\/figure>\n\n\n\n<p>Para finalizar est\u00e1 activa agenda de trabajo mantuvo un encuentro con el subsecretario de educaci\u00f3n de Vicente L\u00f3pez Jos\u00e9 Jaime.<\/p>\n\n\n\n<figure class=\"wp-block-image size-full\"><img loading=\"lazy\" decoding=\"async\" width=\"885\" height=\"886\" src=\"https:\/\/federacionargentinadeajedrez.org\/wp-content\/uploads\/2021\/12\/IMG_20211214_153850_659.jpg\" alt=\"\" class=\"wp-image-3799\" srcset=\"https:\/\/federacionargentinadeajedrez.org\/wp-content\/uploads\/2021\/12\/IMG_20211214_153850_659.jpg 885w, https:\/\/federacionargentinadeajedrez.org\/wp-content\/uploads\/2021\/12\/IMG_20211214_153850_659-300x300.jpg 300w, https:\/\/federacionargentinadeajedrez.org\/wp-content\/uploads\/2021\/12\/IMG_20211214_153850_659-150x150.jpg 150w, https:\/\/federacionargentinadeajedrez.org\/wp-content\/uploads\/2021\/12\/IMG_20211214_153850_659-768x769.jpg 768w\" sizes=\"auto, (max-width: 885px) 100vw, 885px\" \/><\/figure>\n","protected":false},"excerpt":{"rendered":"<p>En la tarde del d\u00eda de ayer durante la octava ronda del campeonato argentino superior el presidente de la Federaci\u00f3n Argentina de Ajedrez&hellip;<\/p>\n","protected":false},"author":1,"featured_media":3797,"comment_status":"closed","ping_status":"closed","sticky":false,"template":"","format":"standard","meta":{"footnotes":""},"categories":[22,15,13,11],"tags":[],"class_list":["post-3796","post","type-post","status-publish","format-standard","has-post-thumbnail","hentry","category-campeonatos-argentinos-2021","category-noticias-2021","category-noticias-destacadas","category-presencia-institucional"],"_links":{"self":[{"href":"https:\/\/federacionargentinadeajedrez.org\/index.php?rest_route=\/wp\/v2\/posts\/3796","targetHints":{"allow":["GET"]}}],"collection":[{"href":"https:\/\/federacionargentinadeajedrez.org\/index.php?rest_route=\/wp\/v2\/posts"}],"about":[{"href":"https:\/\/federacionargentinadeajedrez.org\/index.php?rest_route=\/wp\/v2\/types\/post"}],"author":[{"embeddable":true,"href":"https:\/\/federacionargentinadeajedrez.org\/index.php?rest_route=\/wp\/v2\/users\/1"}],"replies":[{"embeddable":true,"href":"https:\/\/federacionargentinadeajedrez.org\/index.php?rest_route=%2Fwp%2Fv2%2Fcomments&post=3796"}],"version-history":[{"count":1,"href":"https:\/\/federacionargentinadeajedrez.org\/index.php?rest_route=\/wp\/v2\/posts\/3796\/revisions"}],"predecessor-version":[{"id":3800,"href":"https:\/\/federacionargentinadeajedrez.org\/index.php?rest_route=\/wp\/v2\/posts\/3796\/revisions\/3800"}],"wp:featuredmedia":[{"embeddable":true,"href":"https:\/\/federacionargentinadeajedrez.org\/index.php?rest_route=\/wp\/v2\/media\/3797"}],"wp:attachment":[{"href":"https:\/\/federacionargentinadeajedrez.org\/index.php?rest_route=%2Fwp%2Fv2%2Fmedia&parent=3796"}],"wp:term":[{"taxonomy":"category","embeddable":true,"href":"https:\/\/federacionargentinadeajedrez.org\/index.php?rest_route=%2Fwp%2Fv2%2Fcategories&post=3796"},{"taxonomy":"post_tag","embeddable":true,"href":"https:\/\/federacionargentinadeajedrez.org\/index.php?rest_route=%2Fwp%2Fv2%2Ftags&post=3796"}],"curies":[{"name":"wp","href":"https:\/\/api.w.org\/{rel}","templated":true}]}}