{"id":3801,"date":"2021-12-15T14:41:51","date_gmt":"2021-12-15T14:41:51","guid":{"rendered":"https:\/\/federacionargentinadeajedrez.org\/?p=3801"},"modified":"2021-12-15T14:43:03","modified_gmt":"2021-12-15T14:43:03","slug":"la-federacion-de-ajedrez-de-tierra-del-fuego-se-suma-a-fada","status":"publish","type":"post","link":"https:\/\/federacionargentinadeajedrez.org\/?p=3801","title":{"rendered":"La Federaci\u00f3n de Ajedrez de Tierra del Fuego se suma a FADA"},"content":{"rendered":"\n<p>El ajedrez federado de nuestro pa\u00eds crece d\u00eda a d\u00eda con la incorporaci\u00f3n de nuevas entidades, en esta oportunidad le damos la bienvenida a la Federaci\u00f3n de Ajedrez de Tierra del Fuego.<\/p>\n\n\n\n<figure class=\"wp-block-image size-large\"><img loading=\"lazy\" decoding=\"async\" width=\"1024\" height=\"450\" src=\"https:\/\/federacionargentinadeajedrez.org\/wp-content\/uploads\/2021\/12\/logo-Federacion-TDF2020-2-1024x450.jpg\" alt=\"\" class=\"wp-image-3802\" srcset=\"https:\/\/federacionargentinadeajedrez.org\/wp-content\/uploads\/2021\/12\/logo-Federacion-TDF2020-2-1024x450.jpg 1024w, https:\/\/federacionargentinadeajedrez.org\/wp-content\/uploads\/2021\/12\/logo-Federacion-TDF2020-2-300x132.jpg 300w, https:\/\/federacionargentinadeajedrez.org\/wp-content\/uploads\/2021\/12\/logo-Federacion-TDF2020-2-768x337.jpg 768w, https:\/\/federacionargentinadeajedrez.org\/wp-content\/uploads\/2021\/12\/logo-Federacion-TDF2020-2.jpg 1175w\" sizes=\"auto, (max-width: 1024px) 100vw, 1024px\" \/><\/figure>\n\n\n\n<p><\/p>\n","protected":false},"excerpt":{"rendered":"<p>El ajedrez federado de nuestro pa\u00eds crece d\u00eda a d\u00eda con la incorporaci\u00f3n de nuevas entidades, en esta oportunidad le damos la bienvenida&hellip;<\/p>\n","protected":false},"author":1,"featured_media":3802,"comment_status":"closed","ping_status":"closed","sticky":false,"template":"","format":"standard","meta":{"footnotes":""},"categories":[15],"tags":[],"class_list":["post-3801","post","type-post","status-publish","format-standard","has-post-thumbnail","hentry","category-noticias-2021"],"_links":{"self":[{"href":"https:\/\/federacionargentinadeajedrez.org\/index.php?rest_route=\/wp\/v2\/posts\/3801","targetHints":{"allow":["GET"]}}],"collection":[{"href":"https:\/\/federacionargentinadeajedrez.org\/index.php?rest_route=\/wp\/v2\/posts"}],"about":[{"href":"https:\/\/federacionargentinadeajedrez.org\/index.php?rest_route=\/wp\/v2\/types\/post"}],"author":[{"embeddable":true,"href":"https:\/\/federacionargentinadeajedrez.org\/index.php?rest_route=\/wp\/v2\/users\/1"}],"replies":[{"embeddable":true,"href":"https:\/\/federacionargentinadeajedrez.org\/index.php?rest_route=%2Fwp%2Fv2%2Fcomments&post=3801"}],"version-history":[{"count":1,"href":"https:\/\/federacionargentinadeajedrez.org\/index.php?rest_route=\/wp\/v2\/posts\/3801\/revisions"}],"predecessor-version":[{"id":3803,"href":"https:\/\/federacionargentinadeajedrez.org\/index.php?rest_route=\/wp\/v2\/posts\/3801\/revisions\/3803"}],"wp:featuredmedia":[{"embeddable":true,"href":"https:\/\/federacionargentinadeajedrez.org\/index.php?rest_route=\/wp\/v2\/media\/3802"}],"wp:attachment":[{"href":"https:\/\/federacionargentinadeajedrez.org\/index.php?rest_route=%2Fwp%2Fv2%2Fmedia&parent=3801"}],"wp:term":[{"taxonomy":"category","embeddable":true,"href":"https:\/\/federacionargentinadeajedrez.org\/index.php?rest_route=%2Fwp%2Fv2%2Fcategories&post=3801"},{"taxonomy":"post_tag","embeddable":true,"href":"https:\/\/federacionargentinadeajedrez.org\/index.php?rest_route=%2Fwp%2Fv2%2Ftags&post=3801"}],"curies":[{"name":"wp","href":"https:\/\/api.w.org\/{rel}","templated":true}]}}