{"id":3987,"date":"2022-01-25T16:35:05","date_gmt":"2022-01-25T16:35:05","guid":{"rendered":"https:\/\/federacionargentinadeajedrez.org\/?p=3987"},"modified":"2022-01-25T16:35:05","modified_gmt":"2022-01-25T16:35:05","slug":"una-nueva-entidad-se-afiliada-a-fada-centro-cultural-paceno-de-jose-c-paz","status":"publish","type":"post","link":"https:\/\/federacionargentinadeajedrez.org\/?p=3987","title":{"rendered":"Una nueva entidad se afiliada a FADA: Centro Cultural Pace\u00f1o de Jose.C Paz"},"content":{"rendered":"\n<p><br>Tenemos el agrado de anunciar que una nueva entidad se suma al ajedrez federado de nuestro pa\u00eds: <strong>Centro Cultural Pace\u00f1o de Jos\u00e9 C. Paz (Buenos Aires).<\/strong><br>Seg\u00fan sus responsables nos refieren dicha instituci\u00f3n tiene una gran convocatoria en especial de la comunidad de la\u00a0<strong>Universidad Nacional de Jos\u00e9 C Paz UNPAZ<\/strong>\u00a0con la cual tienen un compromiso de futuros proyectos relacionados con el juego ciencia en el \u00e1mbito social, inclusivo y deportivo.<br><br>Bienvenido Centro Cultural Pace\u00f1o de Jose C. Paz.<\/p>\n\n\n\n<figure class=\"wp-block-image size-large\"><img loading=\"lazy\" decoding=\"async\" width=\"1024\" height=\"682\" src=\"https:\/\/federacionargentinadeajedrez.org\/wp-content\/uploads\/2022\/01\/centro-cultural-paceno-1024x682.jpg\" alt=\"\" class=\"wp-image-3988\" srcset=\"https:\/\/federacionargentinadeajedrez.org\/wp-content\/uploads\/2022\/01\/centro-cultural-paceno-1024x682.jpg 1024w, https:\/\/federacionargentinadeajedrez.org\/wp-content\/uploads\/2022\/01\/centro-cultural-paceno-300x200.jpg 300w, https:\/\/federacionargentinadeajedrez.org\/wp-content\/uploads\/2022\/01\/centro-cultural-paceno-768x512.jpg 768w, https:\/\/federacionargentinadeajedrez.org\/wp-content\/uploads\/2022\/01\/centro-cultural-paceno.jpg 1280w\" sizes=\"auto, (max-width: 1024px) 100vw, 1024px\" \/><\/figure>\n","protected":false},"excerpt":{"rendered":"<p>Tenemos el agrado de anunciar que una nueva entidad se suma al ajedrez federado de nuestro pa\u00eds: Centro Cultural Pace\u00f1o de Jos\u00e9 C.&hellip;<\/p>\n","protected":false},"author":1,"featured_media":3988,"comment_status":"closed","ping_status":"closed","sticky":false,"template":"","format":"standard","meta":{"footnotes":""},"categories":[23,13],"tags":[],"class_list":["post-3987","post","type-post","status-publish","format-standard","has-post-thumbnail","hentry","category-noticias-2022","category-noticias-destacadas"],"_links":{"self":[{"href":"https:\/\/federacionargentinadeajedrez.org\/index.php?rest_route=\/wp\/v2\/posts\/3987","targetHints":{"allow":["GET"]}}],"collection":[{"href":"https:\/\/federacionargentinadeajedrez.org\/index.php?rest_route=\/wp\/v2\/posts"}],"about":[{"href":"https:\/\/federacionargentinadeajedrez.org\/index.php?rest_route=\/wp\/v2\/types\/post"}],"author":[{"embeddable":true,"href":"https:\/\/federacionargentinadeajedrez.org\/index.php?rest_route=\/wp\/v2\/users\/1"}],"replies":[{"embeddable":true,"href":"https:\/\/federacionargentinadeajedrez.org\/index.php?rest_route=%2Fwp%2Fv2%2Fcomments&post=3987"}],"version-history":[{"count":1,"href":"https:\/\/federacionargentinadeajedrez.org\/index.php?rest_route=\/wp\/v2\/posts\/3987\/revisions"}],"predecessor-version":[{"id":3989,"href":"https:\/\/federacionargentinadeajedrez.org\/index.php?rest_route=\/wp\/v2\/posts\/3987\/revisions\/3989"}],"wp:featuredmedia":[{"embeddable":true,"href":"https:\/\/federacionargentinadeajedrez.org\/index.php?rest_route=\/wp\/v2\/media\/3988"}],"wp:attachment":[{"href":"https:\/\/federacionargentinadeajedrez.org\/index.php?rest_route=%2Fwp%2Fv2%2Fmedia&parent=3987"}],"wp:term":[{"taxonomy":"category","embeddable":true,"href":"https:\/\/federacionargentinadeajedrez.org\/index.php?rest_route=%2Fwp%2Fv2%2Fcategories&post=3987"},{"taxonomy":"post_tag","embeddable":true,"href":"https:\/\/federacionargentinadeajedrez.org\/index.php?rest_route=%2Fwp%2Fv2%2Ftags&post=3987"}],"curies":[{"name":"wp","href":"https:\/\/api.w.org\/{rel}","templated":true}]}}