{"id":4083,"date":"2022-02-28T05:32:00","date_gmt":"2022-02-28T05:32:00","guid":{"rendered":"https:\/\/federacionargentinadeajedrez.org\/?p=4083"},"modified":"2022-03-02T05:34:06","modified_gmt":"2022-03-02T05:34:06","slug":"sandro-de-iberoamerica","status":"publish","type":"post","link":"https:\/\/federacionargentinadeajedrez.org\/?p=4083","title":{"rendered":"Sandro de Iberoam\u00e9rica"},"content":{"rendered":"\n<figure class=\"wp-block-image size-large\"><img loading=\"lazy\" decoding=\"async\" width=\"1080\" height=\"608\" src=\"https:\/\/federacionargentinadeajedrez.org\/wp-content\/uploads\/2022\/03\/androibero-edited.jpg\" alt=\"\" class=\"wp-image-4086\" srcset=\"https:\/\/federacionargentinadeajedrez.org\/wp-content\/uploads\/2022\/03\/androibero-edited.jpg 1080w, https:\/\/federacionargentinadeajedrez.org\/wp-content\/uploads\/2022\/03\/androibero-edited-300x169.jpg 300w, https:\/\/federacionargentinadeajedrez.org\/wp-content\/uploads\/2022\/03\/androibero-edited-1024x576.jpg 1024w, https:\/\/federacionargentinadeajedrez.org\/wp-content\/uploads\/2022\/03\/androibero-edited-768x432.jpg 768w\" sizes=\"auto, (max-width: 1080px) 100vw, 1080px\" \/><figcaption>GM Sandro Mareco n\u00famero 1 de Argentina.<\/figcaption><\/figure>\n\n\n\n<p><br>El Gran Maestro Sandro Mareco se consagr\u00f3 campe\u00f3n en el Iberoamericano de Ajedrez disputado en Mexico en un torneo bastante re\u00f1ido. En dialogo con la web de FADA mostr\u00f3 su alegr\u00eda por un nuevo trofeo para su carrera.<\/p>\n\n\n\n<p>Sandro Mareco demostr\u00f3 su potencial frente a grandes ajedrecistas iberoamericanos y plant\u00f3 su bandera de campe\u00f3n. Luego de 9 rondas termin\u00f3 invicto, con 7,5 puntos sobre 9 posibles, producto de 6 victorias y 3 empates, en un campeonato que tuvo la presencia de importantes directivos del continente y del presidente de la FIDE, Arkady Dvorkovich.<\/p>\n\n\n\n<p>Este logro se suma al enorme curriculum conseguido por Sandro durante sus a\u00f1os de carrera, y su nivel, nuevamente, roza la grandeza del ajedrez. En dialogo con la web de FADA mir\u00f3 para atr\u00e1s y se enorgullece del certamen logrado: \u201cEstoy muy feliz porque me sent\u00ed muy bien con el tablero, primordialmente. Obviamente tengo varias cosas para corregir, pero fue muy positivo lo que me ocurri\u00f3 en Mexico. En cualquier torneo siempre me preparo para ser campe\u00f3n y \u00e9ste no fue la excepci\u00f3n. 20 Grandes Maestros estuvieron presentes, lo cual lo hace m\u00e1s especial al t\u00edtulo\u201d.<\/p>\n\n\n\n<p>El triunfo le permiti\u00f3 a Mareco alcanzar 2651 puntos en el ranking internacional, y ubicarse entre los mejores 100 ajedrecistas del mundo. \u201cSiempre me gusta llegar a la ultima ronda con posibilidades de ser campe\u00f3n y mejor aun si ello depende de mi. Jugu\u00e9 muchas partidas interesantes, aunque en la de Emilio Cordova (Peru) dej\u00e9 pasar muchas chances, qued\u00e9 mal, aproveche sus errores y gan\u00e9. Con Jaime Santos Latasa (Espa\u00f1a) me pas\u00f3 lo mismo, que compiti\u00f3 tambien por el primer lugar. En l\u00edneas generales me voy conforme con mi rendimiento\u201d, destac\u00f3 el jugador de 34 a\u00f1os, que venci\u00f3 en la ultima ronda al cubano Omar Almeida Quintana.<\/p>\n\n\n\n<p>Por otra parte, el organizador de certamen, el mexicano Mario Alberto Ramirez Barajas, le dijo hace unos d\u00edas a la web de FADA que Sandro es \u201cuna figura \u00fanica e importante en Am\u00e9rica\u201d. Frente a este elogio, el campe\u00f3n le respondi\u00f3: \u201cMe pone feliz que me considere de esa manera porque adem\u00e1s personalmente me cae muy bien. Ya estuve en M\u00e9xico el a\u00f1o pasado y me trataron excelente. Adem\u00e1s de la parte competitiva, es bueno ir a los lugares y que tengan un buen recuerdo tuyo\u201d.<\/p>\n\n\n\n<p>\u201cEn Abril, en principio, voy a jugar en el Abierto Mexicano, y luego un cerrado tradicional en Cuba, el Capablanca. Y quiz\u00e1 luego participe en Mayo de un Abierto en Cipolletti, pero no tengo nada confirmado\u201d, cont\u00f3 Sandro Mareco en relaci\u00f3n a sus pr\u00f3ximos desaf\u00edos, en busca de llegar a los 2700 puntos y meterse de lleno entre los mejores 40 del mundo.<\/p>\n","protected":false},"excerpt":{"rendered":"<p>El Gran Maestro Sandro Mareco se consagr\u00f3 campe\u00f3n en el Iberoamericano de Ajedrez disputado en Mexico en un torneo bastante re\u00f1ido. En dialogo&hellip;<\/p>\n","protected":false},"author":1,"featured_media":4084,"comment_status":"closed","ping_status":"closed","sticky":false,"template":"","format":"standard","meta":{"footnotes":""},"categories":[9,23,13],"tags":[],"class_list":["post-4083","post","type-post","status-publish","format-standard","has-post-thumbnail","hentry","category-blog","category-noticias-2022","category-noticias-destacadas"],"_links":{"self":[{"href":"https:\/\/federacionargentinadeajedrez.org\/index.php?rest_route=\/wp\/v2\/posts\/4083","targetHints":{"allow":["GET"]}}],"collection":[{"href":"https:\/\/federacionargentinadeajedrez.org\/index.php?rest_route=\/wp\/v2\/posts"}],"about":[{"href":"https:\/\/federacionargentinadeajedrez.org\/index.php?rest_route=\/wp\/v2\/types\/post"}],"author":[{"embeddable":true,"href":"https:\/\/federacionargentinadeajedrez.org\/index.php?rest_route=\/wp\/v2\/users\/1"}],"replies":[{"embeddable":true,"href":"https:\/\/federacionargentinadeajedrez.org\/index.php?rest_route=%2Fwp%2Fv2%2Fcomments&post=4083"}],"version-history":[{"count":2,"href":"https:\/\/federacionargentinadeajedrez.org\/index.php?rest_route=\/wp\/v2\/posts\/4083\/revisions"}],"predecessor-version":[{"id":4087,"href":"https:\/\/federacionargentinadeajedrez.org\/index.php?rest_route=\/wp\/v2\/posts\/4083\/revisions\/4087"}],"wp:featuredmedia":[{"embeddable":true,"href":"https:\/\/federacionargentinadeajedrez.org\/index.php?rest_route=\/wp\/v2\/media\/4084"}],"wp:attachment":[{"href":"https:\/\/federacionargentinadeajedrez.org\/index.php?rest_route=%2Fwp%2Fv2%2Fmedia&parent=4083"}],"wp:term":[{"taxonomy":"category","embeddable":true,"href":"https:\/\/federacionargentinadeajedrez.org\/index.php?rest_route=%2Fwp%2Fv2%2Fcategories&post=4083"},{"taxonomy":"post_tag","embeddable":true,"href":"https:\/\/federacionargentinadeajedrez.org\/index.php?rest_route=%2Fwp%2Fv2%2Ftags&post=4083"}],"curies":[{"name":"wp","href":"https:\/\/api.w.org\/{rel}","templated":true}]}}