{"id":4174,"date":"2022-03-26T20:01:54","date_gmt":"2022-03-26T20:01:54","guid":{"rendered":"https:\/\/federacionargentinadeajedrez.org\/?p=4174"},"modified":"2022-03-26T20:07:10","modified_gmt":"2022-03-26T20:07:10","slug":"fada-relanza-en-mas-provincias-los-talleres-de-ajedrez-en-dispositivos-penales-juveniles-privados-de-la-libertad","status":"publish","type":"post","link":"https:\/\/federacionargentinadeajedrez.org\/?p=4174","title":{"rendered":"FADA relanza en m\u00e1s provincias los talleres de ajedrez en dispositivos penales juveniles privados de la libertad"},"content":{"rendered":"\n<figure class=\"wp-block-image size-full\"><img loading=\"lazy\" decoding=\"async\" width=\"919\" height=\"838\" src=\"https:\/\/federacionargentinadeajedrez.org\/wp-content\/uploads\/2022\/03\/mario-convenio-1.jpg\" alt=\"\" class=\"wp-image-4175\" srcset=\"https:\/\/federacionargentinadeajedrez.org\/wp-content\/uploads\/2022\/03\/mario-convenio-1.jpg 919w, https:\/\/federacionargentinadeajedrez.org\/wp-content\/uploads\/2022\/03\/mario-convenio-1-300x274.jpg 300w, https:\/\/federacionargentinadeajedrez.org\/wp-content\/uploads\/2022\/03\/mario-convenio-1-768x700.jpg 768w\" sizes=\"auto, (max-width: 919px) 100vw, 919px\" \/><figcaption>El presidente de FADA Mario Petrucci durante la firma del convenio.<\/figcaption><\/figure>\n\n\n\n<p>La Federacion Argentina de Ajedrez ultima detalles para la presentaci\u00f3n oficial de un nuevo convenio en el que se volver\u00e1n a brindar talleres de ajedrez en dispositivos penales juveniles privados de la libertad. Para esta ocasi\u00f3n, muchas m\u00e1s provincias se suman al programa.<\/p>\n\n\n\n<p>La primera edici\u00f3n de este plan comenz\u00f3 en Noviembre del 2021 en Chaco, Jujuy, Cordoba, Santa Fe y la ciudad de Rosario, tras un acuerdo entre FADA y el Ministerio de Desarrollo Social de la Naci\u00f3n. Las repercusiones fueron muy positivas ya que, seg\u00fan comentan, m\u00e1s de 250 chicos han tomado clases y, por tal raz\u00f3n, buscan lanzar la segunda parte de dicho programa para el mes de Mayo.<\/p>\n\n\n\n<p>En dialogo con la web de FADA, Hector Fiori inform\u00f3: \u201cEstamos cerrando el segundo acuerdo para que se den clases de ajedrez en m\u00e1s lugares de Santa Fe y Cordoba, y vamos a incluir La Plata, Merlo (Buenos Aires), Azul, San Juan, Mendoza, Entre Rios y cinco dispositivos de Salta\u201d.<\/p>\n\n\n\n<p>\u201cDistintos profesores ten\u00edan como objetivo dar clases una vez por semana dentro de la propia c\u00e1rcel para que, cuando los menores salgan de ella, puedan seguir vinculados con el ajedrez a trav\u00e9s de clubes afiliados a la FADA y logren reinsertarse mediante los eventos que nada tengan que ver con la calle\u201d, agreg\u00f3 el dirigente de la Federaci\u00f3n, uno de los firmantes del primer acuerdo.<\/p>\n\n\n\n<p>Otro de los fines del programa es que los dispositivos penales juveniles puedan convertirse en un espacio de inclusi\u00f3n socio-educativa y en instancias de aprendizajes valiosos que promuevan la igualdad de oportunidad de acceso a los bienes culturales, al mundo del trabajo y a la vida en sociedad de los adolescentes.<\/p>\n\n\n\n<p>\u201cDesde FADA consideramos que el segundo convenio comenzar\u00e1 a fines de Mayo. Este aumentar\u00e1 las clases por semana de 9 a 22 y cada una de ellas se ampliar\u00e1 a una hora y media. Tenemos grandes expectativas\u201d, concluy\u00f3 H\u00e9ctor Fiori.<br><br><\/p>\n","protected":false},"excerpt":{"rendered":"<p>La Federacion Argentina de Ajedrez ultima detalles para la presentaci\u00f3n oficial de un nuevo convenio en el que se volver\u00e1n a brindar talleres&hellip;<\/p>\n","protected":false},"author":1,"featured_media":4175,"comment_status":"closed","ping_status":"closed","sticky":false,"template":"","format":"standard","meta":{"footnotes":""},"categories":[9,23,13,11],"tags":[],"class_list":["post-4174","post","type-post","status-publish","format-standard","has-post-thumbnail","hentry","category-blog","category-noticias-2022","category-noticias-destacadas","category-presencia-institucional"],"_links":{"self":[{"href":"https:\/\/federacionargentinadeajedrez.org\/index.php?rest_route=\/wp\/v2\/posts\/4174","targetHints":{"allow":["GET"]}}],"collection":[{"href":"https:\/\/federacionargentinadeajedrez.org\/index.php?rest_route=\/wp\/v2\/posts"}],"about":[{"href":"https:\/\/federacionargentinadeajedrez.org\/index.php?rest_route=\/wp\/v2\/types\/post"}],"author":[{"embeddable":true,"href":"https:\/\/federacionargentinadeajedrez.org\/index.php?rest_route=\/wp\/v2\/users\/1"}],"replies":[{"embeddable":true,"href":"https:\/\/federacionargentinadeajedrez.org\/index.php?rest_route=%2Fwp%2Fv2%2Fcomments&post=4174"}],"version-history":[{"count":1,"href":"https:\/\/federacionargentinadeajedrez.org\/index.php?rest_route=\/wp\/v2\/posts\/4174\/revisions"}],"predecessor-version":[{"id":4176,"href":"https:\/\/federacionargentinadeajedrez.org\/index.php?rest_route=\/wp\/v2\/posts\/4174\/revisions\/4176"}],"wp:featuredmedia":[{"embeddable":true,"href":"https:\/\/federacionargentinadeajedrez.org\/index.php?rest_route=\/wp\/v2\/media\/4175"}],"wp:attachment":[{"href":"https:\/\/federacionargentinadeajedrez.org\/index.php?rest_route=%2Fwp%2Fv2%2Fmedia&parent=4174"}],"wp:term":[{"taxonomy":"category","embeddable":true,"href":"https:\/\/federacionargentinadeajedrez.org\/index.php?rest_route=%2Fwp%2Fv2%2Fcategories&post=4174"},{"taxonomy":"post_tag","embeddable":true,"href":"https:\/\/federacionargentinadeajedrez.org\/index.php?rest_route=%2Fwp%2Fv2%2Ftags&post=4174"}],"curies":[{"name":"wp","href":"https:\/\/api.w.org\/{rel}","templated":true}]}}