{"id":4246,"date":"2022-04-19T12:59:16","date_gmt":"2022-04-19T12:59:16","guid":{"rendered":"https:\/\/federacionargentinadeajedrez.org\/?p=4246"},"modified":"2022-04-19T12:59:16","modified_gmt":"2022-04-19T12:59:16","slug":"fada-presente-en-la-capacitacion-construyendo-liderazgo-femenino-en-las-organizaciones-deportivas","status":"publish","type":"post","link":"https:\/\/federacionargentinadeajedrez.org\/?p=4246","title":{"rendered":"FADA presente en la capacitaci\u00f3n Construyendo Liderazgo Femenino en las Organizaciones Deportivas"},"content":{"rendered":"\n<p>Desde la Comisi\u00f3n de G\u00e9nero de la FADA, les queremos compartir el cierre oficial de la primera capacitaci\u00f3n de \u00abConstruyendo Liderazgo Femenino en las Organizaciones Deportivas\u00bb realizada parte de la Comisi\u00f3n de la Mujer en el Deporte del Comit\u00e9 Ol\u00edmpico Argentino, donde Ivanna Petrucci y Fanny P\u00e9rez c\u00f3mo integrantes de la Comisi\u00f3n prestaron su compromiso para poder realizarla y seguir capacit\u00e1ndose junto a referentes de todo el deporte a nivel nacional, mujeres comprometidas de distintas Federaciones, fuertes, con pasi\u00f3n y ardua trayectoria en el deporte; trabajando hacia un mismo objetivo de construir un deporte m\u00e1s justo y seguro, eliminando las desigualdades y violencias por motivo de g\u00e9nero, y principalmente abrir canales de oportunidades sin distinci\u00f3n de g\u00e9nero.<br><br>Comisi\u00f3n de G\u00e9nero.<br><br><\/p>\n\n\n\n<figure class=\"wp-block-gallery has-nested-images columns-2 is-cropped wp-block-gallery-1 is-layout-flex wp-block-gallery-is-layout-flex\">\n<figure class=\"wp-block-image size-large\"><img loading=\"lazy\" decoding=\"async\" width=\"1024\" height=\"768\" data-id=\"4247\" src=\"https:\/\/federacionargentinadeajedrez.org\/wp-content\/uploads\/2022\/04\/capaco12.jpg\" alt=\"\" class=\"wp-image-4247\" srcset=\"https:\/\/federacionargentinadeajedrez.org\/wp-content\/uploads\/2022\/04\/capaco12.jpg 1024w, https:\/\/federacionargentinadeajedrez.org\/wp-content\/uploads\/2022\/04\/capaco12-300x225.jpg 300w, https:\/\/federacionargentinadeajedrez.org\/wp-content\/uploads\/2022\/04\/capaco12-768x576.jpg 768w\" sizes=\"auto, (max-width: 1024px) 100vw, 1024px\" \/><figcaption>El presidente del Comit\u00e9 Ol\u00edmpico Argentino Mario Moccia junto a las representantes de  Comisi\u00f3n de la Mujer en el Deporte del Comit\u00e9 Ol\u00edmpico Argentino.<\/figcaption><\/figure>\n\n\n\n<figure class=\"wp-block-image size-large\"><img loading=\"lazy\" decoding=\"async\" width=\"1024\" height=\"768\" data-id=\"4249\" src=\"https:\/\/federacionargentinadeajedrez.org\/wp-content\/uploads\/2022\/04\/capacomi2.jpg\" alt=\"\" class=\"wp-image-4249\" srcset=\"https:\/\/federacionargentinadeajedrez.org\/wp-content\/uploads\/2022\/04\/capacomi2.jpg 1024w, https:\/\/federacionargentinadeajedrez.org\/wp-content\/uploads\/2022\/04\/capacomi2-300x225.jpg 300w, https:\/\/federacionargentinadeajedrez.org\/wp-content\/uploads\/2022\/04\/capacomi2-768x576.jpg 768w\" sizes=\"auto, (max-width: 1024px) 100vw, 1024px\" \/><figcaption>De la capacitaci\u00f3n participaci\u00f3n mujeres de distintas federaciones e instituciones del deporte argentino.<\/figcaption><\/figure>\n\n\n\n<figure class=\"wp-block-image size-large\"><img loading=\"lazy\" decoding=\"async\" width=\"1024\" height=\"768\" data-id=\"4248\" src=\"https:\/\/federacionargentinadeajedrez.org\/wp-content\/uploads\/2022\/04\/capacomi3.jpg\" alt=\"\" class=\"wp-image-4248\" srcset=\"https:\/\/federacionargentinadeajedrez.org\/wp-content\/uploads\/2022\/04\/capacomi3.jpg 1024w, https:\/\/federacionargentinadeajedrez.org\/wp-content\/uploads\/2022\/04\/capacomi3-300x225.jpg 300w, https:\/\/federacionargentinadeajedrez.org\/wp-content\/uploads\/2022\/04\/capacomi3-768x576.jpg 768w\" sizes=\"auto, (max-width: 1024px) 100vw, 1024px\" \/><figcaption>Fanny Perez de la Comisi\u00f3n de Genero de FADA recibiendo su diploma.<\/figcaption><\/figure>\n\n\n\n<figure class=\"wp-block-image size-large\"><img loading=\"lazy\" decoding=\"async\" width=\"1024\" height=\"768\" data-id=\"4251\" src=\"https:\/\/federacionargentinadeajedrez.org\/wp-content\/uploads\/2022\/04\/capacomi7.jpg\" alt=\"\" class=\"wp-image-4251\" srcset=\"https:\/\/federacionargentinadeajedrez.org\/wp-content\/uploads\/2022\/04\/capacomi7.jpg 1024w, https:\/\/federacionargentinadeajedrez.org\/wp-content\/uploads\/2022\/04\/capacomi7-300x225.jpg 300w, https:\/\/federacionargentinadeajedrez.org\/wp-content\/uploads\/2022\/04\/capacomi7-768x576.jpg 768w\" sizes=\"auto, (max-width: 1024px) 100vw, 1024px\" \/><\/figure>\n\n\n\n<figure class=\"wp-block-image size-large\"><img loading=\"lazy\" decoding=\"async\" width=\"1024\" height=\"844\" data-id=\"4250\" src=\"https:\/\/federacionargentinadeajedrez.org\/wp-content\/uploads\/2022\/04\/capacomi5.jpg\" alt=\"\" class=\"wp-image-4250\" srcset=\"https:\/\/federacionargentinadeajedrez.org\/wp-content\/uploads\/2022\/04\/capacomi5.jpg 1024w, https:\/\/federacionargentinadeajedrez.org\/wp-content\/uploads\/2022\/04\/capacomi5-300x247.jpg 300w, https:\/\/federacionargentinadeajedrez.org\/wp-content\/uploads\/2022\/04\/capacomi5-768x633.jpg 768w\" sizes=\"auto, (max-width: 1024px) 100vw, 1024px\" \/><\/figure>\n<\/figure>\n","protected":false},"excerpt":{"rendered":"<p>Desde la Comisi\u00f3n de G\u00e9nero de la FADA, les queremos compartir el cierre oficial de la primera capacitaci\u00f3n de \u00abConstruyendo Liderazgo Femenino en&hellip;<\/p>\n","protected":false},"author":1,"featured_media":4251,"comment_status":"closed","ping_status":"closed","sticky":false,"template":"","format":"standard","meta":{"footnotes":""},"categories":[17,23,13],"tags":[],"class_list":["post-4246","post","type-post","status-publish","format-standard","has-post-thumbnail","hentry","category-comision-de-genero","category-noticias-2022","category-noticias-destacadas"],"_links":{"self":[{"href":"https:\/\/federacionargentinadeajedrez.org\/index.php?rest_route=\/wp\/v2\/posts\/4246","targetHints":{"allow":["GET"]}}],"collection":[{"href":"https:\/\/federacionargentinadeajedrez.org\/index.php?rest_route=\/wp\/v2\/posts"}],"about":[{"href":"https:\/\/federacionargentinadeajedrez.org\/index.php?rest_route=\/wp\/v2\/types\/post"}],"author":[{"embeddable":true,"href":"https:\/\/federacionargentinadeajedrez.org\/index.php?rest_route=\/wp\/v2\/users\/1"}],"replies":[{"embeddable":true,"href":"https:\/\/federacionargentinadeajedrez.org\/index.php?rest_route=%2Fwp%2Fv2%2Fcomments&post=4246"}],"version-history":[{"count":1,"href":"https:\/\/federacionargentinadeajedrez.org\/index.php?rest_route=\/wp\/v2\/posts\/4246\/revisions"}],"predecessor-version":[{"id":4252,"href":"https:\/\/federacionargentinadeajedrez.org\/index.php?rest_route=\/wp\/v2\/posts\/4246\/revisions\/4252"}],"wp:featuredmedia":[{"embeddable":true,"href":"https:\/\/federacionargentinadeajedrez.org\/index.php?rest_route=\/wp\/v2\/media\/4251"}],"wp:attachment":[{"href":"https:\/\/federacionargentinadeajedrez.org\/index.php?rest_route=%2Fwp%2Fv2%2Fmedia&parent=4246"}],"wp:term":[{"taxonomy":"category","embeddable":true,"href":"https:\/\/federacionargentinadeajedrez.org\/index.php?rest_route=%2Fwp%2Fv2%2Fcategories&post=4246"},{"taxonomy":"post_tag","embeddable":true,"href":"https:\/\/federacionargentinadeajedrez.org\/index.php?rest_route=%2Fwp%2Fv2%2Ftags&post=4246"}],"curies":[{"name":"wp","href":"https:\/\/api.w.org\/{rel}","templated":true}]}}