{"id":4506,"date":"2022-05-29T18:37:00","date_gmt":"2022-05-29T18:37:00","guid":{"rendered":"https:\/\/federacionargentinadeajedrez.org\/?p=4506"},"modified":"2022-06-08T23:35:01","modified_gmt":"2022-06-08T23:35:01","slug":"un-paso-mas-en-el-reconocimiento-del-traslado-de-la-sede-de-la-fide-a-buenos-aires-y-de-la-designacion-del-argentino-augusto-de-muro-como-presidente-de-la-fide-1939-1946","status":"publish","type":"post","link":"https:\/\/federacionargentinadeajedrez.org\/?p=4506","title":{"rendered":"Un paso m\u00e1s en el reconocimiento del traslado de la sede de la FIDE a Buenos Aires y de la designaci\u00f3n del argentino Augusto de Muro como Presidente de la FIDE\u00a0(1939-1946)"},"content":{"rendered":"\n<p><strong>Por Sergio Negri y Juan Morgado<\/strong> | <a href=\"https:\/\/ajedrezlatitudsur.wordpress.com\" target=\"_blank\" rel=\"noreferrer noopener\">https:\/\/ajedrezlatitudsur.wordpress.com<\/a><\/p>\n\n\n\n<p>Acabamos de recibir novedades importantes sobre un tema que venimos investigando y proponiendo desde hace tiempo atr\u00e1s en aras de su reconocimiento hist\u00f3rico.<\/p>\n\n\n\n<p>En este proceso siempre hemos contado con el inestimable apoyo institucional del Presidente de la FADA Ing. Mario Petrucci y el de todos aquellos que, como el querido historiador Jos\u00e9 Copi\u00e9, alguna vez pusieron el foco de atenci\u00f3n en aquellas decisiones de la FIDE de 1939 que est\u00e1n a\u00fan pendientes de reivindicaci\u00f3n.<\/p>\n\n\n\n<p>Nos referimos a lo actuado por el Congreso de la FIDE de 1939 el que decidi\u00f3 designar al argentino Augusto de Muro como Presidente de la entidad mundial y el traslado de su sede a Buenos Aires, en virtud del inicio de la Segunda Guerra Mundial y en preservaci\u00f3n del funcionamiento de la m\u00e1xima organizaci\u00f3n del ajedrez del mundo.<\/p>\n\n\n\n<p>Todo ello se resolvi\u00f3 ante la situaci\u00f3n de amenaza del normal funcionamiento de la FIDE en el contexto b\u00e9lico que se desat\u00f3 en Europa desde el 1\u00b0 de septiembre de 1939 cuando un nazismo desenfrenado ocup\u00f3 por orden de Hitler la ciudad de Varsovia en un acto que tendr\u00e1 m\u00faltiples y horrorosas derivaciones.<\/p>\n\n\n\n<p>En ese contexto compartimos con la comunidad ajedrec\u00edstica dos importantes novedades. Por un lado la FADA present\u00f3 formalmente ante la FIDE la petici\u00f3n de inclusi\u00f3n en el temario de la pr\u00f3xima Asamblea de la entidad mundial de este reconocimiento hist\u00f3rico, ese que qued\u00f3 oculto en los pliegues del tiempo.<br><br><a href=\"https:\/\/ajedrezlatitudsur.wordpress.com\" target=\"_blank\" rel=\"noreferrer noopener\">NOTA E INFORME COMPLETO AQU\u00cd<\/a><\/p>\n","protected":false},"excerpt":{"rendered":"<p>Por Sergio Negri y Juan Morgado | https:\/\/ajedrezlatitudsur.wordpress.com Acabamos de recibir novedades importantes sobre un tema que venimos investigando y proponiendo desde hace&hellip;<\/p>\n","protected":false},"author":1,"featured_media":4291,"comment_status":"closed","ping_status":"closed","sticky":false,"template":"","format":"standard","meta":{"footnotes":""},"categories":[10,23],"tags":[],"class_list":["post-4506","post","type-post","status-publish","format-standard","has-post-thumbnail","hentry","category-ajedrez-en-los-medios","category-noticias-2022"],"_links":{"self":[{"href":"https:\/\/federacionargentinadeajedrez.org\/index.php?rest_route=\/wp\/v2\/posts\/4506","targetHints":{"allow":["GET"]}}],"collection":[{"href":"https:\/\/federacionargentinadeajedrez.org\/index.php?rest_route=\/wp\/v2\/posts"}],"about":[{"href":"https:\/\/federacionargentinadeajedrez.org\/index.php?rest_route=\/wp\/v2\/types\/post"}],"author":[{"embeddable":true,"href":"https:\/\/federacionargentinadeajedrez.org\/index.php?rest_route=\/wp\/v2\/users\/1"}],"replies":[{"embeddable":true,"href":"https:\/\/federacionargentinadeajedrez.org\/index.php?rest_route=%2Fwp%2Fv2%2Fcomments&post=4506"}],"version-history":[{"count":1,"href":"https:\/\/federacionargentinadeajedrez.org\/index.php?rest_route=\/wp\/v2\/posts\/4506\/revisions"}],"predecessor-version":[{"id":4507,"href":"https:\/\/federacionargentinadeajedrez.org\/index.php?rest_route=\/wp\/v2\/posts\/4506\/revisions\/4507"}],"wp:featuredmedia":[{"embeddable":true,"href":"https:\/\/federacionargentinadeajedrez.org\/index.php?rest_route=\/wp\/v2\/media\/4291"}],"wp:attachment":[{"href":"https:\/\/federacionargentinadeajedrez.org\/index.php?rest_route=%2Fwp%2Fv2%2Fmedia&parent=4506"}],"wp:term":[{"taxonomy":"category","embeddable":true,"href":"https:\/\/federacionargentinadeajedrez.org\/index.php?rest_route=%2Fwp%2Fv2%2Fcategories&post=4506"},{"taxonomy":"post_tag","embeddable":true,"href":"https:\/\/federacionargentinadeajedrez.org\/index.php?rest_route=%2Fwp%2Fv2%2Ftags&post=4506"}],"curies":[{"name":"wp","href":"https:\/\/api.w.org\/{rel}","templated":true}]}}