{"id":4663,"date":"2022-06-26T21:58:58","date_gmt":"2022-06-26T21:58:58","guid":{"rendered":"https:\/\/federacionargentinadeajedrez.org\/?p=4663"},"modified":"2022-06-26T21:59:00","modified_gmt":"2022-06-26T21:59:00","slug":"santa-fe-comenzo-la-capacitacion-de-promotores-de-ajedrez","status":"publish","type":"post","link":"https:\/\/federacionargentinadeajedrez.org\/?p=4663","title":{"rendered":"Santa Fe: Comenz\u00f3 la capacitaci\u00f3n de promotores de ajedrez"},"content":{"rendered":"\n<p>Con la organizaci\u00f3n de la Asociaci\u00f3n de profesores de ajedrez y el apoyo de la Federaci\u00f3n Santafesina dio inicio la Capacitaci\u00f3n de \u00abPromotores de Ajedrez\u00bb en el Club del Orden de la ciudad de Santa Fe.<br><br>Estuvieron presentes el Coordinador Provincial de ajedrez escolar M.I. Roberto Servat, el Presidente y Secretario de la FSA, Yasser O. Hase y Dario Caceres, como as\u00ed tambi\u00e9n algunos miembros de la comisi\u00f3n.<br>Por otra parte, para quienes deseen sumarse a la capacitaci\u00f3n, modo presencial, a\u00fan est\u00e1n a tiempo. Pueden comunicarse al n\u00famero 342 154 351353.<br><br>Desde la organizaci\u00f3n realizaron los siguientes comentarios: \u00abCreemos y confiamos que este tipo de cursos, capacitaciones hacen al crecimiento del Juego Ciencia, para poder replicarlo en diferentes \u00e1mbitos, ya sean escolares, barriales, espacios p\u00fablicos, etc, gracias a los futuros promotores\u00bb.<br><br><\/p>\n\n\n\n<figure class=\"wp-block-gallery has-nested-images columns-1 is-cropped wp-block-gallery-1 is-layout-flex wp-block-gallery-is-layout-flex\">\n<figure class=\"wp-block-image size-large\"><img loading=\"lazy\" decoding=\"async\" width=\"707\" height=\"1000\" data-id=\"4666\" src=\"https:\/\/federacionargentinadeajedrez.org\/wp-content\/uploads\/2022\/06\/CAPACITACIONSF1.jpg\" alt=\"\" class=\"wp-image-4666\" srcset=\"https:\/\/federacionargentinadeajedrez.org\/wp-content\/uploads\/2022\/06\/CAPACITACIONSF1.jpg 707w, https:\/\/federacionargentinadeajedrez.org\/wp-content\/uploads\/2022\/06\/CAPACITACIONSF1-212x300.jpg 212w\" sizes=\"auto, (max-width: 707px) 100vw, 707px\" \/><\/figure>\n\n\n\n<figure class=\"wp-block-image size-large\"><img loading=\"lazy\" decoding=\"async\" width=\"1024\" height=\"768\" data-id=\"4665\" src=\"https:\/\/federacionargentinadeajedrez.org\/wp-content\/uploads\/2022\/06\/CAPACSF2-1024x768.jpg\" alt=\"\" class=\"wp-image-4665\" srcset=\"https:\/\/federacionargentinadeajedrez.org\/wp-content\/uploads\/2022\/06\/CAPACSF2-1024x768.jpg 1024w, https:\/\/federacionargentinadeajedrez.org\/wp-content\/uploads\/2022\/06\/CAPACSF2-300x225.jpg 300w, https:\/\/federacionargentinadeajedrez.org\/wp-content\/uploads\/2022\/06\/CAPACSF2-768x576.jpg 768w, https:\/\/federacionargentinadeajedrez.org\/wp-content\/uploads\/2022\/06\/CAPACSF2.jpg 1280w\" sizes=\"auto, (max-width: 1024px) 100vw, 1024px\" \/><\/figure>\n\n\n\n<figure class=\"wp-block-image size-large\"><img loading=\"lazy\" decoding=\"async\" width=\"1024\" height=\"768\" data-id=\"4664\" src=\"https:\/\/federacionargentinadeajedrez.org\/wp-content\/uploads\/2022\/06\/CAPACSF3-1024x768.jpg\" alt=\"\" class=\"wp-image-4664\" srcset=\"https:\/\/federacionargentinadeajedrez.org\/wp-content\/uploads\/2022\/06\/CAPACSF3-1024x768.jpg 1024w, https:\/\/federacionargentinadeajedrez.org\/wp-content\/uploads\/2022\/06\/CAPACSF3-300x225.jpg 300w, https:\/\/federacionargentinadeajedrez.org\/wp-content\/uploads\/2022\/06\/CAPACSF3-768x576.jpg 768w, https:\/\/federacionargentinadeajedrez.org\/wp-content\/uploads\/2022\/06\/CAPACSF3.jpg 1280w\" sizes=\"auto, (max-width: 1024px) 100vw, 1024px\" \/><\/figure>\n\n\n\n<figure class=\"wp-block-image size-large\"><img loading=\"lazy\" decoding=\"async\" width=\"1024\" height=\"768\" data-id=\"4667\" src=\"https:\/\/federacionargentinadeajedrez.org\/wp-content\/uploads\/2022\/06\/CAPCTSF4-1024x768.jpg\" alt=\"\" class=\"wp-image-4667\" srcset=\"https:\/\/federacionargentinadeajedrez.org\/wp-content\/uploads\/2022\/06\/CAPCTSF4-1024x768.jpg 1024w, https:\/\/federacionargentinadeajedrez.org\/wp-content\/uploads\/2022\/06\/CAPCTSF4-300x225.jpg 300w, https:\/\/federacionargentinadeajedrez.org\/wp-content\/uploads\/2022\/06\/CAPCTSF4-768x576.jpg 768w, https:\/\/federacionargentinadeajedrez.org\/wp-content\/uploads\/2022\/06\/CAPCTSF4.jpg 1280w\" sizes=\"auto, (max-width: 1024px) 100vw, 1024px\" \/><\/figure>\n<\/figure>\n","protected":false},"excerpt":{"rendered":"<p>Con la organizaci\u00f3n de la Asociaci\u00f3n de profesores de ajedrez y el apoyo de la Federaci\u00f3n Santafesina dio inicio la Capacitaci\u00f3n de \u00abPromotores&hellip;<\/p>\n","protected":false},"author":1,"featured_media":4667,"comment_status":"closed","ping_status":"closed","sticky":false,"template":"","format":"standard","meta":{"footnotes":""},"categories":[27,23],"tags":[],"class_list":["post-4663","post","type-post","status-publish","format-standard","has-post-thumbnail","hentry","category-entidades-afiliadas","category-noticias-2022"],"_links":{"self":[{"href":"https:\/\/federacionargentinadeajedrez.org\/index.php?rest_route=\/wp\/v2\/posts\/4663","targetHints":{"allow":["GET"]}}],"collection":[{"href":"https:\/\/federacionargentinadeajedrez.org\/index.php?rest_route=\/wp\/v2\/posts"}],"about":[{"href":"https:\/\/federacionargentinadeajedrez.org\/index.php?rest_route=\/wp\/v2\/types\/post"}],"author":[{"embeddable":true,"href":"https:\/\/federacionargentinadeajedrez.org\/index.php?rest_route=\/wp\/v2\/users\/1"}],"replies":[{"embeddable":true,"href":"https:\/\/federacionargentinadeajedrez.org\/index.php?rest_route=%2Fwp%2Fv2%2Fcomments&post=4663"}],"version-history":[{"count":1,"href":"https:\/\/federacionargentinadeajedrez.org\/index.php?rest_route=\/wp\/v2\/posts\/4663\/revisions"}],"predecessor-version":[{"id":4668,"href":"https:\/\/federacionargentinadeajedrez.org\/index.php?rest_route=\/wp\/v2\/posts\/4663\/revisions\/4668"}],"wp:featuredmedia":[{"embeddable":true,"href":"https:\/\/federacionargentinadeajedrez.org\/index.php?rest_route=\/wp\/v2\/media\/4667"}],"wp:attachment":[{"href":"https:\/\/federacionargentinadeajedrez.org\/index.php?rest_route=%2Fwp%2Fv2%2Fmedia&parent=4663"}],"wp:term":[{"taxonomy":"category","embeddable":true,"href":"https:\/\/federacionargentinadeajedrez.org\/index.php?rest_route=%2Fwp%2Fv2%2Fcategories&post=4663"},{"taxonomy":"post_tag","embeddable":true,"href":"https:\/\/federacionargentinadeajedrez.org\/index.php?rest_route=%2Fwp%2Fv2%2Ftags&post=4663"}],"curies":[{"name":"wp","href":"https:\/\/api.w.org\/{rel}","templated":true}]}}