{"id":4742,"date":"2022-07-22T13:19:50","date_gmt":"2022-07-22T13:19:50","guid":{"rendered":"https:\/\/federacionargentinadeajedrez.org\/?p=4742"},"modified":"2022-07-22T18:52:58","modified_gmt":"2022-07-22T18:52:58","slug":"despedida-de-las-selecciones-argentinas-de-ajedrez","status":"publish","type":"post","link":"https:\/\/federacionargentinadeajedrez.org\/?p=4742","title":{"rendered":"Despedida de las selecciones Argentinas de ajedrez"},"content":{"rendered":"\n<p>En la tarde de este jueves en la Fundaci\u00f3n Navarro Viola ubicada en el barrio de Recoleta, CABA se realizo un evento de despedida a las selecciones de ajedrez que participaran a partir de la pr\u00f3xima semana de la 44\u00b0 olimpiada de Ajedrez en Chennai, India.<\/p>\n\n\n\n<p>En este encuentro que estuvo encabezado por el presidente de FADA Mario Petrucci y el presidente de la Fundaci\u00f3n Navarro Viola Enrique Valiente Noailles se hizo entrega de la indumentaria oficial que utilizaran los equipos, esta ser\u00e1 un blazer negro de gran categor\u00eda con el logo de la Federaci\u00f3n Argentina de Ajedrez acompa\u00f1ado de un juego de camisas todo esto bajo los est\u00e1ndares que establece FIDE para el torneo de ajedrez de selecciones m\u00e1s importante del mundo.<\/p>\n\n\n\n<p>En esta emotiva jornada acompa\u00f1aron a los atletas argentinos que se preparan para a partir 28 de julio iniciar el sue\u00f1o ol\u00edmpico: la WGM Claudia Amura, que en todo momento brindo palabras de aliento y consejos para ambos seleccionados, el Vicepresidente de FADA Alejandro Sass, el director de las selecciones Argentinas de Ajedrez GM Sergio Slipak y el GM Diego Valerga.<\/p>\n\n\n\n<p>La 44\u00b0 olimpiada de Chennai se realizara del 28 de julio al 10 de agosto y contara con mayor participaci\u00f3n en la historia de estas competiciones; estar\u00e1n disputando unos 1600 ajedrecistas que conforman 349 equipos (187 en la categor\u00eda absoluta y 162 en la categor\u00eda femenina).<\/p>\n\n\n\n<p><strong>IMAGENES DEL ENCUENTRO<\/strong><\/p>\n\n\n\n<figure class=\"wp-block-gallery has-nested-images columns-1 is-cropped wp-block-gallery-1 is-layout-flex wp-block-gallery-is-layout-flex\">\n<figure class=\"wp-block-image size-large\"><img loading=\"lazy\" decoding=\"async\" width=\"1024\" height=\"808\" data-id=\"4749\" src=\"https:\/\/federacionargentinadeajedrez.org\/wp-content\/uploads\/2022\/07\/INDU6-1024x808.jpg\" alt=\"\" class=\"wp-image-4749\" srcset=\"https:\/\/federacionargentinadeajedrez.org\/wp-content\/uploads\/2022\/07\/INDU6-1024x808.jpg 1024w, https:\/\/federacionargentinadeajedrez.org\/wp-content\/uploads\/2022\/07\/INDU6-300x237.jpg 300w, https:\/\/federacionargentinadeajedrez.org\/wp-content\/uploads\/2022\/07\/INDU6-768x606.jpg 768w, https:\/\/federacionargentinadeajedrez.org\/wp-content\/uploads\/2022\/07\/INDU6.jpg 1280w\" sizes=\"auto, (max-width: 1024px) 100vw, 1024px\" \/><figcaption>GM Sergio Slipak, WIM Marisa Zuriel, Mario Petrucci (Pres. FADA), GM Robert Hungaski, Enrique Valiente Noailles, WIM Maria Jose Campos, GM Federico Perez Ponsa, WIM Guadalupe Besso y Alejando Sass (Vice pres. FADA).<\/figcaption><\/figure>\n\n\n\n<figure class=\"wp-block-image size-large\"><img loading=\"lazy\" decoding=\"async\" width=\"1024\" height=\"736\" data-id=\"4747\" src=\"https:\/\/federacionargentinadeajedrez.org\/wp-content\/uploads\/2022\/07\/INDU5-1024x736.jpg\" alt=\"\" class=\"wp-image-4747\" srcset=\"https:\/\/federacionargentinadeajedrez.org\/wp-content\/uploads\/2022\/07\/INDU5-1024x736.jpg 1024w, https:\/\/federacionargentinadeajedrez.org\/wp-content\/uploads\/2022\/07\/INDU5-300x216.jpg 300w, https:\/\/federacionargentinadeajedrez.org\/wp-content\/uploads\/2022\/07\/INDU5-768x552.jpg 768w, https:\/\/federacionargentinadeajedrez.org\/wp-content\/uploads\/2022\/07\/INDU5.jpg 1280w\" sizes=\"auto, (max-width: 1024px) 100vw, 1024px\" \/><figcaption>Selecci\u00f3n de ajedrez femenina: WIM Marisa Zuriel, WIM Belen Sarquis, WFM Anapaola Borda Rodas, WIM Guadalupe Besso y WIM Maria Jose Campos.<\/figcaption><\/figure>\n\n\n\n<figure class=\"wp-block-image size-large\"><img loading=\"lazy\" decoding=\"async\" width=\"969\" height=\"1024\" data-id=\"4750\" src=\"https:\/\/federacionargentinadeajedrez.org\/wp-content\/uploads\/2022\/07\/INDU4-969x1024.jpg\" alt=\"\" class=\"wp-image-4750\" srcset=\"https:\/\/federacionargentinadeajedrez.org\/wp-content\/uploads\/2022\/07\/INDU4-969x1024.jpg 969w, https:\/\/federacionargentinadeajedrez.org\/wp-content\/uploads\/2022\/07\/INDU4-284x300.jpg 284w, https:\/\/federacionargentinadeajedrez.org\/wp-content\/uploads\/2022\/07\/INDU4-768x812.jpg 768w, https:\/\/federacionargentinadeajedrez.org\/wp-content\/uploads\/2022\/07\/INDU4-1024x1082.jpg 1024w, https:\/\/federacionargentinadeajedrez.org\/wp-content\/uploads\/2022\/07\/INDU4.jpg 1211w\" sizes=\"auto, (max-width: 969px) 100vw, 969px\" \/><figcaption>Maria Jose Campos luciendo la indumentaria oficial de los equipos en la pr\u00f3xima olimpiada.<\/figcaption><\/figure>\n\n\n\n<figure class=\"wp-block-image size-large\"><img loading=\"lazy\" decoding=\"async\" width=\"1024\" height=\"754\" data-id=\"4744\" src=\"https:\/\/federacionargentinadeajedrez.org\/wp-content\/uploads\/2022\/07\/NAVARRO1-1024x754.jpg\" alt=\"\" class=\"wp-image-4744\" srcset=\"https:\/\/federacionargentinadeajedrez.org\/wp-content\/uploads\/2022\/07\/NAVARRO1-1024x754.jpg 1024w, https:\/\/federacionargentinadeajedrez.org\/wp-content\/uploads\/2022\/07\/NAVARRO1-300x221.jpg 300w, https:\/\/federacionargentinadeajedrez.org\/wp-content\/uploads\/2022\/07\/NAVARRO1-768x566.jpg 768w, https:\/\/federacionargentinadeajedrez.org\/wp-content\/uploads\/2022\/07\/NAVARRO1.jpg 1280w\" sizes=\"auto, (max-width: 1024px) 100vw, 1024px\" \/><\/figure>\n\n\n\n<figure class=\"wp-block-image size-large\"><img loading=\"lazy\" decoding=\"async\" width=\"1024\" height=\"769\" data-id=\"4743\" src=\"https:\/\/federacionargentinadeajedrez.org\/wp-content\/uploads\/2022\/07\/NAVARRO2-1024x769.jpg\" alt=\"\" class=\"wp-image-4743\" srcset=\"https:\/\/federacionargentinadeajedrez.org\/wp-content\/uploads\/2022\/07\/NAVARRO2-1024x769.jpg 1024w, https:\/\/federacionargentinadeajedrez.org\/wp-content\/uploads\/2022\/07\/NAVARRO2-300x225.jpg 300w, https:\/\/federacionargentinadeajedrez.org\/wp-content\/uploads\/2022\/07\/NAVARRO2-768x577.jpg 768w, https:\/\/federacionargentinadeajedrez.org\/wp-content\/uploads\/2022\/07\/NAVARRO2.jpg 1280w\" sizes=\"auto, (max-width: 1024px) 100vw, 1024px\" \/><figcaption>Mario Petrucci (Pres. FADA) junto a Enrique Valiente Noailles (Pres. Fundaci\u00f3n Navarro Viola).<\/figcaption><\/figure>\n\n\n\n<figure class=\"wp-block-image size-large\"><img loading=\"lazy\" decoding=\"async\" width=\"1024\" height=\"769\" data-id=\"4745\" src=\"https:\/\/federacionargentinadeajedrez.org\/wp-content\/uploads\/2022\/07\/NAVARRO3-1024x769.jpg\" alt=\"\" class=\"wp-image-4745\" srcset=\"https:\/\/federacionargentinadeajedrez.org\/wp-content\/uploads\/2022\/07\/NAVARRO3-1024x769.jpg 1024w, https:\/\/federacionargentinadeajedrez.org\/wp-content\/uploads\/2022\/07\/NAVARRO3-300x225.jpg 300w, https:\/\/federacionargentinadeajedrez.org\/wp-content\/uploads\/2022\/07\/NAVARRO3-768x577.jpg 768w, https:\/\/federacionargentinadeajedrez.org\/wp-content\/uploads\/2022\/07\/NAVARRO3.jpg 1280w\" sizes=\"auto, (max-width: 1024px) 100vw, 1024px\" \/><\/figure>\n\n\n\n<figure class=\"wp-block-image size-large\"><img loading=\"lazy\" decoding=\"async\" width=\"1024\" height=\"769\" data-id=\"4746\" src=\"https:\/\/federacionargentinadeajedrez.org\/wp-content\/uploads\/2022\/07\/NAVARRO4-1024x769.jpg\" alt=\"\" class=\"wp-image-4746\" srcset=\"https:\/\/federacionargentinadeajedrez.org\/wp-content\/uploads\/2022\/07\/NAVARRO4-1024x769.jpg 1024w, https:\/\/federacionargentinadeajedrez.org\/wp-content\/uploads\/2022\/07\/NAVARRO4-300x225.jpg 300w, https:\/\/federacionargentinadeajedrez.org\/wp-content\/uploads\/2022\/07\/NAVARRO4-768x577.jpg 768w, https:\/\/federacionargentinadeajedrez.org\/wp-content\/uploads\/2022\/07\/NAVARRO4.jpg 1280w\" sizes=\"auto, (max-width: 1024px) 100vw, 1024px\" \/><\/figure>\n\n\n\n<figure class=\"wp-block-image size-large\"><img loading=\"lazy\" decoding=\"async\" width=\"1024\" height=\"898\" data-id=\"4748\" src=\"https:\/\/federacionargentinadeajedrez.org\/wp-content\/uploads\/2022\/07\/NAVARRO5-1024x898.jpg\" alt=\"\" class=\"wp-image-4748\" srcset=\"https:\/\/federacionargentinadeajedrez.org\/wp-content\/uploads\/2022\/07\/NAVARRO5-1024x898.jpg 1024w, https:\/\/federacionargentinadeajedrez.org\/wp-content\/uploads\/2022\/07\/NAVARRO5-300x263.jpg 300w, https:\/\/federacionargentinadeajedrez.org\/wp-content\/uploads\/2022\/07\/NAVARRO5-768x673.jpg 768w, https:\/\/federacionargentinadeajedrez.org\/wp-content\/uploads\/2022\/07\/NAVARRO5.jpg 1280w\" sizes=\"auto, (max-width: 1024px) 100vw, 1024px\" \/><figcaption>GM Robert Hungaski capitan del equipo absoluto durante una partida de exhibici\u00f3n que se realizo en el evento.<\/figcaption><\/figure>\n<\/figure>\n\n\n\n<figure class=\"wp-block-gallery has-nested-images columns-1 is-cropped wp-block-gallery-2 is-layout-flex wp-block-gallery-is-layout-flex\">\n<figure class=\"wp-block-image size-large\"><img loading=\"lazy\" decoding=\"async\" width=\"1024\" height=\"769\" data-id=\"4756\" src=\"https:\/\/federacionargentinadeajedrez.org\/wp-content\/uploads\/2022\/07\/fnv1-1024x769.jpg\" alt=\"\" class=\"wp-image-4756\" srcset=\"https:\/\/federacionargentinadeajedrez.org\/wp-content\/uploads\/2022\/07\/fnv1-1024x769.jpg 1024w, https:\/\/federacionargentinadeajedrez.org\/wp-content\/uploads\/2022\/07\/fnv1-300x225.jpg 300w, https:\/\/federacionargentinadeajedrez.org\/wp-content\/uploads\/2022\/07\/fnv1-768x577.jpg 768w, https:\/\/federacionargentinadeajedrez.org\/wp-content\/uploads\/2022\/07\/fnv1.jpg 1280w\" sizes=\"auto, (max-width: 1024px) 100vw, 1024px\" \/><figcaption>Mario Petrucci (Pres. FADA) , Enrique Valiente Noailles (Pres. Fundaci\u00f3n Navarro Viola) y el GM Robert Hungaski.<\/figcaption><\/figure>\n\n\n\n<figure class=\"wp-block-image size-large\"><img loading=\"lazy\" decoding=\"async\" width=\"1024\" height=\"769\" data-id=\"4757\" src=\"https:\/\/federacionargentinadeajedrez.org\/wp-content\/uploads\/2022\/07\/fnv2-1024x769.jpg\" alt=\"\" class=\"wp-image-4757\" srcset=\"https:\/\/federacionargentinadeajedrez.org\/wp-content\/uploads\/2022\/07\/fnv2-1024x769.jpg 1024w, https:\/\/federacionargentinadeajedrez.org\/wp-content\/uploads\/2022\/07\/fnv2-300x225.jpg 300w, https:\/\/federacionargentinadeajedrez.org\/wp-content\/uploads\/2022\/07\/fnv2-768x577.jpg 768w, https:\/\/federacionargentinadeajedrez.org\/wp-content\/uploads\/2022\/07\/fnv2.jpg 1280w\" sizes=\"auto, (max-width: 1024px) 100vw, 1024px\" \/><figcaption>Mario Petrucci (Pres. FADA), Enrique Valiente Noailles (Pres. Fundaci\u00f3n Navarro Viola) y la WGM Claudia Amura.<\/figcaption><\/figure>\n\n\n\n<figure class=\"wp-block-image size-large\"><img loading=\"lazy\" decoding=\"async\" width=\"1024\" height=\"769\" data-id=\"4758\" src=\"https:\/\/federacionargentinadeajedrez.org\/wp-content\/uploads\/2022\/07\/fnv3-1024x769.jpg\" alt=\"\" class=\"wp-image-4758\" srcset=\"https:\/\/federacionargentinadeajedrez.org\/wp-content\/uploads\/2022\/07\/fnv3-1024x769.jpg 1024w, https:\/\/federacionargentinadeajedrez.org\/wp-content\/uploads\/2022\/07\/fnv3-300x225.jpg 300w, https:\/\/federacionargentinadeajedrez.org\/wp-content\/uploads\/2022\/07\/fnv3-768x577.jpg 768w, https:\/\/federacionargentinadeajedrez.org\/wp-content\/uploads\/2022\/07\/fnv3.jpg 1280w\" sizes=\"auto, (max-width: 1024px) 100vw, 1024px\" \/><\/figure>\n\n\n\n<figure class=\"wp-block-image size-large\"><img loading=\"lazy\" decoding=\"async\" width=\"1024\" height=\"769\" data-id=\"4759\" src=\"https:\/\/federacionargentinadeajedrez.org\/wp-content\/uploads\/2022\/07\/fnv4-1024x769.jpg\" alt=\"\" class=\"wp-image-4759\" srcset=\"https:\/\/federacionargentinadeajedrez.org\/wp-content\/uploads\/2022\/07\/fnv4-1024x769.jpg 1024w, https:\/\/federacionargentinadeajedrez.org\/wp-content\/uploads\/2022\/07\/fnv4-300x225.jpg 300w, https:\/\/federacionargentinadeajedrez.org\/wp-content\/uploads\/2022\/07\/fnv4-768x577.jpg 768w, https:\/\/federacionargentinadeajedrez.org\/wp-content\/uploads\/2022\/07\/fnv4.jpg 1280w\" sizes=\"auto, (max-width: 1024px) 100vw, 1024px\" \/><figcaption>El GM Diego Valerga, Mario Petrucci (Pres. FADA), Enrique Valiente Noailles (Pres. Fundaci\u00f3n Navarro Viola) y la WGM Claudia Amura.<\/figcaption><\/figure>\n<\/figure>\n\n\n\n<p><br><\/p>\n\n\n\n<p><\/p>\n","protected":false},"excerpt":{"rendered":"<p>En la tarde de este jueves en la Fundaci\u00f3n Navarro Viola ubicada en el barrio de Recoleta, CABA se realizo un evento de&hellip;<\/p>\n","protected":false},"author":1,"featured_media":4749,"comment_status":"closed","ping_status":"closed","sticky":false,"template":"","format":"standard","meta":{"footnotes":""},"categories":[23,13,26],"tags":[],"class_list":["post-4742","post","type-post","status-publish","format-standard","has-post-thumbnail","hentry","category-noticias-2022","category-noticias-destacadas","category-olimpiada-chennai-2022"],"_links":{"self":[{"href":"https:\/\/federacionargentinadeajedrez.org\/index.php?rest_route=\/wp\/v2\/posts\/4742","targetHints":{"allow":["GET"]}}],"collection":[{"href":"https:\/\/federacionargentinadeajedrez.org\/index.php?rest_route=\/wp\/v2\/posts"}],"about":[{"href":"https:\/\/federacionargentinadeajedrez.org\/index.php?rest_route=\/wp\/v2\/types\/post"}],"author":[{"embeddable":true,"href":"https:\/\/federacionargentinadeajedrez.org\/index.php?rest_route=\/wp\/v2\/users\/1"}],"replies":[{"embeddable":true,"href":"https:\/\/federacionargentinadeajedrez.org\/index.php?rest_route=%2Fwp%2Fv2%2Fcomments&post=4742"}],"version-history":[{"count":4,"href":"https:\/\/federacionargentinadeajedrez.org\/index.php?rest_route=\/wp\/v2\/posts\/4742\/revisions"}],"predecessor-version":[{"id":4763,"href":"https:\/\/federacionargentinadeajedrez.org\/index.php?rest_route=\/wp\/v2\/posts\/4742\/revisions\/4763"}],"wp:featuredmedia":[{"embeddable":true,"href":"https:\/\/federacionargentinadeajedrez.org\/index.php?rest_route=\/wp\/v2\/media\/4749"}],"wp:attachment":[{"href":"https:\/\/federacionargentinadeajedrez.org\/index.php?rest_route=%2Fwp%2Fv2%2Fmedia&parent=4742"}],"wp:term":[{"taxonomy":"category","embeddable":true,"href":"https:\/\/federacionargentinadeajedrez.org\/index.php?rest_route=%2Fwp%2Fv2%2Fcategories&post=4742"},{"taxonomy":"post_tag","embeddable":true,"href":"https:\/\/federacionargentinadeajedrez.org\/index.php?rest_route=%2Fwp%2Fv2%2Ftags&post=4742"}],"curies":[{"name":"wp","href":"https:\/\/api.w.org\/{rel}","templated":true}]}}