{"id":477,"date":"2019-08-26T21:38:52","date_gmt":"2019-08-26T21:38:52","guid":{"rendered":"https:\/\/federacionargentinadeajedrez.org\/?p=477"},"modified":"2019-08-26T21:38:57","modified_gmt":"2019-08-26T21:38:57","slug":"jornadas-internacionales-de-capacitacion-en-ajedrez","status":"publish","type":"post","link":"https:\/\/federacionargentinadeajedrez.org\/?p=477","title":{"rendered":"Jornadas Internacionales de Capacitaci\u00f3n en Ajedrez"},"content":{"rendered":"\n<p><em>Fueron organizadas por la Federaci\u00f3n de Ajedrez de la Provincia de C\u00f3rdoba (Fapc) y la Universidad Nacional de C\u00f3rdoba (UNC) entre el 14 y el 19 agosto en la capital cordobesa.<\/em><\/p>\n\n\n\n<p>Diecisiete dirigentes de ajedrez de Argentina obtuvieron la primera norma de Organizador Internacional de la FIDE, tras aprobar el seminario dictado por la maestra internacional Beatriz Marinello en la sede del Campus Virtual de la Universidad Nacional de C\u00f3rdoba, entre el 15 y 16 de agosto.<\/p>\n\n\n\n<p>El evento cont\u00f3 con los auspicios del Campus Virtual y la Secretar\u00eda de Extensi\u00f3n de la UNC, y los apoyos de los ministerios de Educaci\u00f3n y de Justicia, la Direcci\u00f3n de Deportes de la Municipalidad de C\u00f3rdoba y la Agencia C\u00f3rdoba Turismo.<\/p>\n\n\n\n<p>Es la primera vez que se dicta en el pa\u00eds el Seminario de Organizador Internacional, cuyo objetivo es formar y certificar a organizadores de eventos internacionales de ajedrez, otorgando Norma de I.O., obligatoria para la obtenci\u00f3n del t\u00edtulo de la FIDE.<\/p>\n\n\n\n<p>Dirigentes de San Luis, Rosario, ciudad de Buenos Aires, C\u00f3rdoba Capital, Las Varillas y Corrientes realizaron el seminario, avalado por la Federaci\u00f3n Argentina de Ajedrez (FIDE) y la Federaci\u00f3n Internacional de Ajedrez (FIDE).<\/p>\n\n\n\n<p>La lista de quienes completaron su primera norma de organizadores internacionales son: Alejandro Sass, Juan Jaureguiberry, Nahuel Santianes, Pablo Jacobo, Juan Pereyra, Mauro Di Franco, Gabriela Peyrano, Gabriel Z\u00e1rate, Lucio Ernesto Mauri\u00f1o, Mabel Gim\u00e9nez, Agust\u00edn Ortega, Mat\u00edas Cabiche, Guillermo Llanos, Guillermo Soppe, Sergio Carranza, Luis Pinardel Nader y Juan Carlos Carranza.<\/p>\n","protected":false},"excerpt":{"rendered":"<p>Fueron organizadas por la Federaci\u00f3n de Ajedrez de la Provincia de C\u00f3rdoba (Fapc) y la Universidad Nacional de C\u00f3rdoba (UNC) entre el 14&hellip;<\/p>\n","protected":false},"author":1,"featured_media":0,"comment_status":"closed","ping_status":"closed","sticky":false,"template":"","format":"standard","meta":{"footnotes":""},"categories":[5],"tags":[],"class_list":["post-477","post","type-post","status-publish","format-standard","hentry","category-noticias-2019"],"_links":{"self":[{"href":"https:\/\/federacionargentinadeajedrez.org\/index.php?rest_route=\/wp\/v2\/posts\/477","targetHints":{"allow":["GET"]}}],"collection":[{"href":"https:\/\/federacionargentinadeajedrez.org\/index.php?rest_route=\/wp\/v2\/posts"}],"about":[{"href":"https:\/\/federacionargentinadeajedrez.org\/index.php?rest_route=\/wp\/v2\/types\/post"}],"author":[{"embeddable":true,"href":"https:\/\/federacionargentinadeajedrez.org\/index.php?rest_route=\/wp\/v2\/users\/1"}],"replies":[{"embeddable":true,"href":"https:\/\/federacionargentinadeajedrez.org\/index.php?rest_route=%2Fwp%2Fv2%2Fcomments&post=477"}],"version-history":[{"count":1,"href":"https:\/\/federacionargentinadeajedrez.org\/index.php?rest_route=\/wp\/v2\/posts\/477\/revisions"}],"predecessor-version":[{"id":478,"href":"https:\/\/federacionargentinadeajedrez.org\/index.php?rest_route=\/wp\/v2\/posts\/477\/revisions\/478"}],"wp:attachment":[{"href":"https:\/\/federacionargentinadeajedrez.org\/index.php?rest_route=%2Fwp%2Fv2%2Fmedia&parent=477"}],"wp:term":[{"taxonomy":"category","embeddable":true,"href":"https:\/\/federacionargentinadeajedrez.org\/index.php?rest_route=%2Fwp%2Fv2%2Fcategories&post=477"},{"taxonomy":"post_tag","embeddable":true,"href":"https:\/\/federacionargentinadeajedrez.org\/index.php?rest_route=%2Fwp%2Fv2%2Ftags&post=477"}],"curies":[{"name":"wp","href":"https:\/\/api.w.org\/{rel}","templated":true}]}}