{"id":5030,"date":"2022-08-19T14:16:13","date_gmt":"2022-08-19T14:16:13","guid":{"rendered":"https:\/\/federacionargentinadeajedrez.org\/?p=5030"},"modified":"2022-08-19T14:16:13","modified_gmt":"2022-08-19T14:16:13","slug":"escuela-de-ajedrez-caballo-negro-nueva-entidad-afiliada-a-fada","status":"publish","type":"post","link":"https:\/\/federacionargentinadeajedrez.org\/?p=5030","title":{"rendered":"Escuela de ajedrez Caballo Negro nueva entidad afiliada a FADA"},"content":{"rendered":"\n<figure class=\"wp-block-image size-full\"><img loading=\"lazy\" decoding=\"async\" width=\"733\" height=\"792\" src=\"https:\/\/federacionargentinadeajedrez.org\/wp-content\/uploads\/2022\/08\/escuelacaballonegro.jpg\" alt=\"\" class=\"wp-image-5031\" srcset=\"https:\/\/federacionargentinadeajedrez.org\/wp-content\/uploads\/2022\/08\/escuelacaballonegro.jpg 733w, https:\/\/federacionargentinadeajedrez.org\/wp-content\/uploads\/2022\/08\/escuelacaballonegro-278x300.jpg 278w\" sizes=\"auto, (max-width: 733px) 100vw, 733px\" \/><\/figure>\n\n\n\n<p>Hoy nos toca presentar a una nueva instituci\u00f3n que se suma al ajedrez federado de nuestros pa\u00eds: ESCUELA DE AJEDREZ CABALLO NEGRO de Rinc\u00f3n de los Sauces, Provincia de Neuqu\u00e9n. <br><br>En los 100 a\u00f1os de FADA seguimos avanzando en terminar este 2022  con 100 entidades afiliadas a lo largo y ancho de nuestro pa\u00eds.<\/p>\n","protected":false},"excerpt":{"rendered":"<p>Hoy nos toca presentar a una nueva instituci\u00f3n que se suma al ajedrez federado de nuestros pa\u00eds: ESCUELA DE AJEDREZ CABALLO NEGRO de&hellip;<\/p>\n","protected":false},"author":1,"featured_media":5031,"comment_status":"closed","ping_status":"closed","sticky":false,"template":"","format":"standard","meta":{"footnotes":""},"categories":[23,13,11],"tags":[],"class_list":["post-5030","post","type-post","status-publish","format-standard","has-post-thumbnail","hentry","category-noticias-2022","category-noticias-destacadas","category-presencia-institucional"],"_links":{"self":[{"href":"https:\/\/federacionargentinadeajedrez.org\/index.php?rest_route=\/wp\/v2\/posts\/5030","targetHints":{"allow":["GET"]}}],"collection":[{"href":"https:\/\/federacionargentinadeajedrez.org\/index.php?rest_route=\/wp\/v2\/posts"}],"about":[{"href":"https:\/\/federacionargentinadeajedrez.org\/index.php?rest_route=\/wp\/v2\/types\/post"}],"author":[{"embeddable":true,"href":"https:\/\/federacionargentinadeajedrez.org\/index.php?rest_route=\/wp\/v2\/users\/1"}],"replies":[{"embeddable":true,"href":"https:\/\/federacionargentinadeajedrez.org\/index.php?rest_route=%2Fwp%2Fv2%2Fcomments&post=5030"}],"version-history":[{"count":1,"href":"https:\/\/federacionargentinadeajedrez.org\/index.php?rest_route=\/wp\/v2\/posts\/5030\/revisions"}],"predecessor-version":[{"id":5032,"href":"https:\/\/federacionargentinadeajedrez.org\/index.php?rest_route=\/wp\/v2\/posts\/5030\/revisions\/5032"}],"wp:featuredmedia":[{"embeddable":true,"href":"https:\/\/federacionargentinadeajedrez.org\/index.php?rest_route=\/wp\/v2\/media\/5031"}],"wp:attachment":[{"href":"https:\/\/federacionargentinadeajedrez.org\/index.php?rest_route=%2Fwp%2Fv2%2Fmedia&parent=5030"}],"wp:term":[{"taxonomy":"category","embeddable":true,"href":"https:\/\/federacionargentinadeajedrez.org\/index.php?rest_route=%2Fwp%2Fv2%2Fcategories&post=5030"},{"taxonomy":"post_tag","embeddable":true,"href":"https:\/\/federacionargentinadeajedrez.org\/index.php?rest_route=%2Fwp%2Fv2%2Ftags&post=5030"}],"curies":[{"name":"wp","href":"https:\/\/api.w.org\/{rel}","templated":true}]}}