{"id":5062,"date":"2022-09-01T00:01:02","date_gmt":"2022-09-01T00:01:02","guid":{"rendered":"https:\/\/federacionargentinadeajedrez.org\/?p=5062"},"modified":"2022-11-26T13:53:29","modified_gmt":"2022-11-26T13:53:29","slug":"la-ulp-sera-sede-de-los-campeonatos-argentinos-infantiles-y-juveniles-de-ajedrez-2023","status":"publish","type":"post","link":"https:\/\/federacionargentinadeajedrez.org\/?p=5062","title":{"rendered":"San Luis ser\u00e1 sede de los Campeonatos Argentinos Infantiles y Juveniles de Ajedrez 2023"},"content":{"rendered":"\n<p><strong>El mismo se desarrollar\u00e1 el a\u00f1o que viene desde el 18 al 21 de febrero en el Campus Abierto ULP \u201cArturo Rodr\u00edguez Jurado\u201d. Es la primera vez que se har\u00e1 en la provincia.<\/strong><\/p>\n\n\n\n<figure class=\"wp-block-embed is-type-video is-provider-youtube wp-block-embed-youtube wp-embed-aspect-16-9 wp-has-aspect-ratio\"><div class=\"wp-block-embed__wrapper\">\n<iframe loading=\"lazy\" title=\"La ULP ser\u00e1 sede de los Campeonatos Argentinos Infantiles y Juveniles de Ajedrez 2023\" width=\"500\" height=\"281\" src=\"https:\/\/www.youtube.com\/embed\/UNe9VNInipw?feature=oembed\" frameborder=\"0\" allow=\"accelerometer; autoplay; clipboard-write; encrypted-media; gyroscope; picture-in-picture; web-share\" referrerpolicy=\"strict-origin-when-cross-origin\" allowfullscreen><\/iframe>\n<\/div><\/figure>\n\n\n\n<p>San Luis en los \u00faltimos a\u00f1os a trav\u00e9s&nbsp;de la Universidad de La Punta (ULP) se ha&nbsp; posicionado como una de las provincias que m\u00e1s desarrollo del ajedrez infantil y juvenil, a ra\u00edz de este buen desempe\u00f1o es que fue elegida para ser sede de los Campeonatos Argentinos promocionales 2023 que se desarrollar\u00e1n del 18 al 23 de febrero en el Campus Abierto ULP \u201cArturo Rodr\u00edguez Jurado\u201d.<\/p>\n\n\n\n<p>La presentaci\u00f3n oficial se realiz\u00f3 en Terrazas del Portezuelo y estuvieron presentes la rectora de la ULP y ministra de Ciencia y Tecnolog\u00eda, Alicia Ba\u00f1uelos; la secretaria del Campus, Juliana Men\u00e9ndez; el presidente de la Federaci\u00f3n Argentina de Ajedrez (FADA), Mario Petrucci; la jefa del Programa Ajedrez de la ULP, Claudia Amura; el director de la Escuela de Talentos de Ajedrez, Gilberto Hern\u00e1ndez; el presidente de la Federaci\u00f3n de Ajedrez, Agust\u00edn Ortega y el vicepresidente, Sebasti\u00e1n Lavandeira.<\/p>\n\n\n\n<p>San Luis tiene una larga trayectoria con este deporte, el cual comenz\u00f3 con el Mundial en el 2005. Con respecto a esto Ba\u00f1uelos, se\u00f1al\u00f3 que se trata de una construcci\u00f3n que tuvo como protagonista a Claudia Amura, en un principio con el ajedrez escolar presencial en 2006.&nbsp; \u201cSe ha ido formando con la gran cantidad de ni\u00f1os, adolescentes y muchos de ellos hoy adultos que han dado sus primeros pasos, dado que hubo un mundial que puso la atenci\u00f3n de la poblaci\u00f3n en estos grandes jugadores\u201d, precis\u00f3. Adem\u00e1s, se\u00f1al\u00f3 que este camino fue ideado por el gobernador, Alberto Rodr\u00edguez Sa\u00e1.<\/p>\n\n\n\n<p>Remarc\u00f3 que en un principio se enviaban a profesores a dar clases en las escuelas, pero que durante la pandemia esto cambi\u00f3 y la pr\u00e1ctica es digital. \u201cQue se haga un Campeonato Argentino es bueno, dado que pone de nuevo a San Luis en el lugar que corresponde y que consigui\u00f3 con mucho esfuerzo el tratar de que el ajedrez sea algo que lo disfruten desde muy peque\u00f1os todos los habitantes de la provincia\u201d, coment\u00f3 la ministra, quien expres\u00f3 que su pr\u00e1ctica es importante dado que brinda una serie de ventajas en la vida, como la estrategia, la disminuci\u00f3n de la violencia, entre otras<\/p>\n\n\n\n<p>\u201cEl hecho de tener campeones hace que otros ni\u00f1os de la misma edad los miren y quieren emularlos, y esto es siempre bueno. Nos llena de gusto tener tantas medallas y que el pr\u00f3ximo encuentro se haga en San Luis. Nos enorgullece\u201d, manifest\u00f3.<\/p>\n\n\n\n<p>Por su parte, Mario Petrucci, destac\u00f3 el desempe\u00f1o de la provincia que viene teniendo en el \u00faltimo tiempo, por ejemplo las tres medallas de oro, una de plata y dos de bronce, obtenidas en el \u00faltimo Nacional. \u201cLa sede es San Luis sabiendo que en los \u00faltimos torneos han tenido buenos resultados, adem\u00e1s el desarrollo del ajedrez juvenil y escolar que tienen muchos clubes y afiliados nuevos y actividad. Eso le da un atractivo que muchas personas del barrio van a estar jugando ac\u00e1\u201d, concluy\u00f3.<\/p>\n\n\n\n<figure class=\"wp-block-gallery has-nested-images columns-1 is-cropped wp-block-gallery-1 is-layout-flex wp-block-gallery-is-layout-flex\">\n<figure class=\"wp-block-image size-large\"><img loading=\"lazy\" decoding=\"async\" width=\"740\" height=\"493\" data-id=\"5066\" src=\"https:\/\/federacionargentinadeajedrez.org\/wp-content\/uploads\/2022\/08\/marioULP1.jpg\" alt=\"\" class=\"wp-image-5066\" srcset=\"https:\/\/federacionargentinadeajedrez.org\/wp-content\/uploads\/2022\/08\/marioULP1.jpg 740w, https:\/\/federacionargentinadeajedrez.org\/wp-content\/uploads\/2022\/08\/marioULP1-300x200.jpg 300w\" sizes=\"auto, (max-width: 740px) 100vw, 740px\" \/><figcaption class=\"wp-element-caption\">La rectora de la ULP y ministra de Ciencia y Tecnolog\u00eda, Alicia Ba\u00f1uelos; la secretaria del Campus, Juliana Men\u00e9ndez; el presidente de la Federaci\u00f3n Argentina de Ajedrez (FADA), Mario Petrucci; la jefa del Programa Ajedrez de la ULP, Claudia Amura; el director de la Escuela de Talentos de Ajedrez, Gilberto Hern\u00e1ndez; el presidente de la Federaci\u00f3n de Ajedrez, Agust\u00edn Ortega y el vicepresidente, Sebasti\u00e1n Lavandeira.<\/figcaption><\/figure>\n\n\n\n<figure class=\"wp-block-image size-large\"><img loading=\"lazy\" decoding=\"async\" width=\"740\" height=\"493\" data-id=\"5064\" src=\"https:\/\/federacionargentinadeajedrez.org\/wp-content\/uploads\/2022\/08\/AliciaBunuelos1.jpg\" alt=\"\" class=\"wp-image-5064\" srcset=\"https:\/\/federacionargentinadeajedrez.org\/wp-content\/uploads\/2022\/08\/AliciaBunuelos1.jpg 740w, https:\/\/federacionargentinadeajedrez.org\/wp-content\/uploads\/2022\/08\/AliciaBunuelos1-300x200.jpg 300w\" sizes=\"auto, (max-width: 740px) 100vw, 740px\" \/><figcaption class=\"wp-element-caption\">Alicia Ba\u00f1uelos.<\/figcaption><\/figure>\n\n\n\n<figure class=\"wp-block-image size-large\"><img loading=\"lazy\" decoding=\"async\" width=\"740\" height=\"493\" data-id=\"5063\" src=\"https:\/\/federacionargentinadeajedrez.org\/wp-content\/uploads\/2022\/08\/AmuraSL1.jpg\" alt=\"\" class=\"wp-image-5063\" srcset=\"https:\/\/federacionargentinadeajedrez.org\/wp-content\/uploads\/2022\/08\/AmuraSL1.jpg 740w, https:\/\/federacionargentinadeajedrez.org\/wp-content\/uploads\/2022\/08\/AmuraSL1-300x200.jpg 300w\" sizes=\"auto, (max-width: 740px) 100vw, 740px\" \/><figcaption class=\"wp-element-caption\">WGM Claudia Amura.<\/figcaption><\/figure>\n\n\n\n<figure class=\"wp-block-image size-large\"><img loading=\"lazy\" decoding=\"async\" width=\"740\" height=\"494\" data-id=\"5065\" src=\"https:\/\/federacionargentinadeajedrez.org\/wp-content\/uploads\/2022\/08\/MarioSL1.jpg\" alt=\"\" class=\"wp-image-5065\" srcset=\"https:\/\/federacionargentinadeajedrez.org\/wp-content\/uploads\/2022\/08\/MarioSL1.jpg 740w, https:\/\/federacionargentinadeajedrez.org\/wp-content\/uploads\/2022\/08\/MarioSL1-300x200.jpg 300w\" sizes=\"auto, (max-width: 740px) 100vw, 740px\" \/><figcaption class=\"wp-element-caption\">Mario Petrucci Presidente de FADA.<\/figcaption><\/figure>\n<\/figure>\n\n\n\n<p><\/p>\n","protected":false},"excerpt":{"rendered":"<p>El mismo se desarrollar\u00e1 el a\u00f1o que viene desde el 18 al 21 de febrero en el Campus Abierto ULP \u201cArturo Rodr\u00edguez Jurado\u201d.&hellip;<\/p>\n","protected":false},"author":1,"featured_media":5066,"comment_status":"closed","ping_status":"closed","sticky":false,"template":"","format":"standard","meta":{"footnotes":""},"categories":[23,13,11],"tags":[],"class_list":["post-5062","post","type-post","status-publish","format-standard","has-post-thumbnail","hentry","category-noticias-2022","category-noticias-destacadas","category-presencia-institucional"],"_links":{"self":[{"href":"https:\/\/federacionargentinadeajedrez.org\/index.php?rest_route=\/wp\/v2\/posts\/5062","targetHints":{"allow":["GET"]}}],"collection":[{"href":"https:\/\/federacionargentinadeajedrez.org\/index.php?rest_route=\/wp\/v2\/posts"}],"about":[{"href":"https:\/\/federacionargentinadeajedrez.org\/index.php?rest_route=\/wp\/v2\/types\/post"}],"author":[{"embeddable":true,"href":"https:\/\/federacionargentinadeajedrez.org\/index.php?rest_route=\/wp\/v2\/users\/1"}],"replies":[{"embeddable":true,"href":"https:\/\/federacionargentinadeajedrez.org\/index.php?rest_route=%2Fwp%2Fv2%2Fcomments&post=5062"}],"version-history":[{"count":4,"href":"https:\/\/federacionargentinadeajedrez.org\/index.php?rest_route=\/wp\/v2\/posts\/5062\/revisions"}],"predecessor-version":[{"id":5398,"href":"https:\/\/federacionargentinadeajedrez.org\/index.php?rest_route=\/wp\/v2\/posts\/5062\/revisions\/5398"}],"wp:featuredmedia":[{"embeddable":true,"href":"https:\/\/federacionargentinadeajedrez.org\/index.php?rest_route=\/wp\/v2\/media\/5066"}],"wp:attachment":[{"href":"https:\/\/federacionargentinadeajedrez.org\/index.php?rest_route=%2Fwp%2Fv2%2Fmedia&parent=5062"}],"wp:term":[{"taxonomy":"category","embeddable":true,"href":"https:\/\/federacionargentinadeajedrez.org\/index.php?rest_route=%2Fwp%2Fv2%2Fcategories&post=5062"},{"taxonomy":"post_tag","embeddable":true,"href":"https:\/\/federacionargentinadeajedrez.org\/index.php?rest_route=%2Fwp%2Fv2%2Ftags&post=5062"}],"curies":[{"name":"wp","href":"https:\/\/api.w.org\/{rel}","templated":true}]}}