{"id":5099,"date":"2022-09-06T19:18:00","date_gmt":"2022-09-06T19:18:00","guid":{"rendered":"https:\/\/federacionargentinadeajedrez.org\/?p=5099"},"modified":"2022-09-08T19:22:08","modified_gmt":"2022-09-08T19:22:08","slug":"debut-y-victoria-de-candela-francisco-en-el-mundial-de-ajedrez-juvenil-2022","status":"publish","type":"post","link":"https:\/\/federacionargentinadeajedrez.org\/?p=5099","title":{"rendered":"Debut y victoria de Candela Francisco en el mundial de ajedrez Juvenil 2022"},"content":{"rendered":"\n<figure class=\"wp-block-gallery has-nested-images columns-default is-cropped wp-block-gallery-1 is-layout-flex wp-block-gallery-is-layout-flex\">\n<figure class=\"wp-block-image size-large\"><img loading=\"lazy\" decoding=\"async\" width=\"880\" height=\"960\" data-id=\"5100\" src=\"https:\/\/federacionargentinadeajedrez.org\/wp-content\/uploads\/2022\/09\/CANDELA1.jpg\" alt=\"\" class=\"wp-image-5100\" srcset=\"https:\/\/federacionargentinadeajedrez.org\/wp-content\/uploads\/2022\/09\/CANDELA1.jpg 880w, https:\/\/federacionargentinadeajedrez.org\/wp-content\/uploads\/2022\/09\/CANDELA1-275x300.jpg 275w, https:\/\/federacionargentinadeajedrez.org\/wp-content\/uploads\/2022\/09\/CANDELA1-768x838.jpg 768w\" sizes=\"auto, (max-width: 880px) 100vw, 880px\" \/><\/figure>\n\n\n\n<figure class=\"wp-block-image size-large\"><img loading=\"lazy\" decoding=\"async\" width=\"768\" height=\"1024\" data-id=\"5103\" src=\"https:\/\/federacionargentinadeajedrez.org\/wp-content\/uploads\/2022\/09\/CANDELA2-768x1024.jpg\" alt=\"\" class=\"wp-image-5103\" srcset=\"https:\/\/federacionargentinadeajedrez.org\/wp-content\/uploads\/2022\/09\/CANDELA2-768x1024.jpg 768w, https:\/\/federacionargentinadeajedrez.org\/wp-content\/uploads\/2022\/09\/CANDELA2-225x300.jpg 225w, https:\/\/federacionargentinadeajedrez.org\/wp-content\/uploads\/2022\/09\/CANDELA2-1024x1365.jpg 1024w, https:\/\/federacionargentinadeajedrez.org\/wp-content\/uploads\/2022\/09\/CANDELA2.jpg 1080w\" sizes=\"auto, (max-width: 768px) 100vw, 768px\" \/><\/figure>\n\n\n\n<figure class=\"wp-block-image size-large\"><img loading=\"lazy\" decoding=\"async\" width=\"960\" height=\"720\" data-id=\"5101\" src=\"https:\/\/federacionargentinadeajedrez.org\/wp-content\/uploads\/2022\/09\/CANDELA3.jpg\" alt=\"\" class=\"wp-image-5101\" srcset=\"https:\/\/federacionargentinadeajedrez.org\/wp-content\/uploads\/2022\/09\/CANDELA3.jpg 960w, https:\/\/federacionargentinadeajedrez.org\/wp-content\/uploads\/2022\/09\/CANDELA3-300x225.jpg 300w, https:\/\/federacionargentinadeajedrez.org\/wp-content\/uploads\/2022\/09\/CANDELA3-768x576.jpg 768w\" sizes=\"auto, (max-width: 960px) 100vw, 960px\" \/><\/figure>\n\n\n\n<figure class=\"wp-block-image size-large\"><img loading=\"lazy\" decoding=\"async\" width=\"720\" height=\"480\" data-id=\"5102\" src=\"https:\/\/federacionargentinadeajedrez.org\/wp-content\/uploads\/2022\/09\/CANDELA4.jpg\" alt=\"\" class=\"wp-image-5102\" srcset=\"https:\/\/federacionargentinadeajedrez.org\/wp-content\/uploads\/2022\/09\/CANDELA4.jpg 720w, https:\/\/federacionargentinadeajedrez.org\/wp-content\/uploads\/2022\/09\/CANDELA4-300x200.jpg 300w\" sizes=\"auto, (max-width: 720px) 100vw, 720px\" \/><\/figure>\n<\/figure>\n\n\n\n<p>Comenz\u00f3 la participaci\u00f3n de Candela Francisco Guecamburu (2233) en el mundial de ajedrez sub 16 femenino que se realiza en Mamaia, Rumania.<\/p>\n\n\n\n<p>El d\u00eda de hoy por la primera ronda venci\u00f3 a la estadounidense Chelsea Zhou (1718). Candela es la tercer pre clasificada del torneo que tiene un total de 87 participantes de todo el mundo.<\/p>\n\n\n\n<p>Este mi\u00e9rcoles por la segunda ronda enfrentar\u00e1 de negras a la espa\u00f1ola Paula Su\u00e1rez G\u00f3mez (1801) a las 9 hs de Argentina.<\/p>\n\n\n\n<p><img loading=\"lazy\" decoding=\"async\" height=\"16\" width=\"16\" alt=\"\ud83d\udcdd\" src=\"https:\/\/static.xx.fbcdn.net\/images\/emoji.php\/v9\/tcc\/1\/16\/1f4dd.png\"> Todos los detalles:<\/p>\n\n\n\n<p><a href=\"https:\/\/chess-results.com\/tnr655569.aspx?lan=1\">https:\/\/chess-results.com\/tnr655569.aspx?lan=1<\/a><\/p>\n\n\n\n<p><img loading=\"lazy\" decoding=\"async\" height=\"16\" width=\"16\" alt=\"\u265f\ufe0f\" src=\"https:\/\/static.xx.fbcdn.net\/images\/emoji.php\/v9\/tbe\/1\/16\/265f.png\"> Ver partida:<\/p>\n\n\n\n<p><a href=\"https:\/\/live.followchess.com\/...\">https:\/\/live.followchess.com\/&#8230;<\/a><\/p>\n","protected":false},"excerpt":{"rendered":"<p>Comenz\u00f3 la participaci\u00f3n de Candela Francisco Guecamburu (2233) en el mundial de ajedrez sub 16 femenino que se realiza en Mamaia, Rumania. El&hellip;<\/p>\n","protected":false},"author":1,"featured_media":5101,"comment_status":"closed","ping_status":"closed","sticky":false,"template":"","format":"standard","meta":{"footnotes":""},"categories":[23,13],"tags":[],"class_list":["post-5099","post","type-post","status-publish","format-standard","has-post-thumbnail","hentry","category-noticias-2022","category-noticias-destacadas"],"_links":{"self":[{"href":"https:\/\/federacionargentinadeajedrez.org\/index.php?rest_route=\/wp\/v2\/posts\/5099","targetHints":{"allow":["GET"]}}],"collection":[{"href":"https:\/\/federacionargentinadeajedrez.org\/index.php?rest_route=\/wp\/v2\/posts"}],"about":[{"href":"https:\/\/federacionargentinadeajedrez.org\/index.php?rest_route=\/wp\/v2\/types\/post"}],"author":[{"embeddable":true,"href":"https:\/\/federacionargentinadeajedrez.org\/index.php?rest_route=\/wp\/v2\/users\/1"}],"replies":[{"embeddable":true,"href":"https:\/\/federacionargentinadeajedrez.org\/index.php?rest_route=%2Fwp%2Fv2%2Fcomments&post=5099"}],"version-history":[{"count":1,"href":"https:\/\/federacionargentinadeajedrez.org\/index.php?rest_route=\/wp\/v2\/posts\/5099\/revisions"}],"predecessor-version":[{"id":5104,"href":"https:\/\/federacionargentinadeajedrez.org\/index.php?rest_route=\/wp\/v2\/posts\/5099\/revisions\/5104"}],"wp:featuredmedia":[{"embeddable":true,"href":"https:\/\/federacionargentinadeajedrez.org\/index.php?rest_route=\/wp\/v2\/media\/5101"}],"wp:attachment":[{"href":"https:\/\/federacionargentinadeajedrez.org\/index.php?rest_route=%2Fwp%2Fv2%2Fmedia&parent=5099"}],"wp:term":[{"taxonomy":"category","embeddable":true,"href":"https:\/\/federacionargentinadeajedrez.org\/index.php?rest_route=%2Fwp%2Fv2%2Fcategories&post=5099"},{"taxonomy":"post_tag","embeddable":true,"href":"https:\/\/federacionargentinadeajedrez.org\/index.php?rest_route=%2Fwp%2Fv2%2Ftags&post=5099"}],"curies":[{"name":"wp","href":"https:\/\/api.w.org\/{rel}","templated":true}]}}