{"id":5153,"date":"2022-09-15T19:22:00","date_gmt":"2022-09-15T19:22:00","guid":{"rendered":"https:\/\/federacionargentinadeajedrez.org\/?p=5153"},"modified":"2022-09-19T19:28:36","modified_gmt":"2022-09-19T19:28:36","slug":"claudia-amura-el-ajedrez-desarrolla-la-inteligencia-y-el-autoestima-ayuda-a-las-generaciones-mas-jovenes-a-concentrarse-y-a-compartir-con-el-otro","status":"publish","type":"post","link":"https:\/\/federacionargentinadeajedrez.org\/?p=5153","title":{"rendered":"Claudia Amura: \u00abEl ajedrez desarrolla la inteligencia y el autoestima; ayuda a las generaciones m\u00e1s j\u00f3venes a concentrarse y a compartir con el otro\u00bb"},"content":{"rendered":"\n<p>La WGM Claudia Amura contin\u00faa su recorrida por el NOA, esta semana uno de sus destinos fue la provincia de Salta en donde particip\u00f3 de actividades con la comunidad, adem\u00e1s fue recibida por el ministro de Educaci\u00f3n, Cultura, Ciencia y Tecnolog\u00eda, Mat\u00edas C\u00e1nepa, durante el encuentro conversaron sobre las maneras en las que se podr\u00eda masificar <a><\/a>la ense\u00f1anza del ajedrez en las escuelas.<\/p>\n\n\n\n<p>Cabe mencionar que Salta cuenta con una Escuela de Ajedrez N\u00b0 7.141a trav\u00e9s de la cual se implementan talleres de este deporte en los niveles primario, secundario, y en establecimientos de formaci\u00f3n profesional y educaci\u00f3n t\u00e9cnica. Adem\u00e1s se ense\u00f1a en los talleres de Escuelas Abiertas.<\/p>\n\n\n\n<p>En total son m\u00e1s de 1500 los estudiantes aficionados a este deporte en las escuelas mencionadas, que articulan sus capacitaciones con la Federaci\u00f3n Salte\u00f1a de Ajedrez. Desde la cartera educativa se pretende llegar a m\u00e1s alumnos de la provincia.<\/p>\n\n\n\n<p>En palabras de ministro: \u201cQueremos darle escala al ajedrez no solo en la primaria y secundaria sino tambi\u00e9n en la educaci\u00f3n para j\u00f3venes y adultos\u201d, expres\u00f3 el funcionario, quien adem\u00e1s, le agradeci\u00f3 a la maestra Amura que se ofreci\u00f3 a brindar capacitaci\u00f3n y herramientas para la ense\u00f1anza de esta disciplina.<\/p>\n\n\n\n<p>Por su parte, Amura indic\u00f3: \u201cLa visita tiene que ver con la ense\u00f1anza del ajedrez educativo y la inclusi\u00f3n social. Es el deporte m\u00e1s practicado en el pa\u00eds despu\u00e9s del f\u00fatbol, pero falta una ense\u00f1anza masiva. El ajedrez desarrolla la inteligencia y el autoestima. Adem\u00e1s ayuda a las generaciones m\u00e1s j\u00f3venes a concentrarse, estar un rato sin el celular, compartir con el otro, ponerse en el lugar del otro y pensar como \u00e9l, entre otras virtudes importantes para este tiempo\u201d.<\/p>\n\n\n\n<p>Estaban presente adem\u00e1s el coordinador de las escuelas barriales de ajedrez de AMI Salta, Socrates Paputsasky; la presidenta de AMI Salta, Natalia Conde y Omar Rojas, miembro de la Federaci\u00f3n Salte\u00f1a de Ajedrez.<\/p>\n\n\n\n<p>Fuente: Secretar\u00eda de Prensa y Comunicaci\u00f3n<\/p>\n\n\n\n<p>Fotos y cobertura: Cecilia Silva.<\/p>\n\n\n\n<figure class=\"wp-block-gallery has-nested-images columns-1 is-cropped wp-block-gallery-1 is-layout-flex wp-block-gallery-is-layout-flex\">\n<figure class=\"wp-block-image size-large\"><img loading=\"lazy\" decoding=\"async\" width=\"603\" height=\"603\" data-id=\"5154\" src=\"https:\/\/federacionargentinadeajedrez.org\/wp-content\/uploads\/2022\/09\/1amur.jpg\" alt=\"\" class=\"wp-image-5154\" srcset=\"https:\/\/federacionargentinadeajedrez.org\/wp-content\/uploads\/2022\/09\/1amur.jpg 603w, https:\/\/federacionargentinadeajedrez.org\/wp-content\/uploads\/2022\/09\/1amur-300x300.jpg 300w, https:\/\/federacionargentinadeajedrez.org\/wp-content\/uploads\/2022\/09\/1amur-150x150.jpg 150w\" sizes=\"auto, (max-width: 603px) 100vw, 603px\" \/><figcaption>WGM Claudia Amura fue recibida por el ministro de Educaci\u00f3n, Cultura, Ciencia y Tecnolog\u00eda, Mat\u00edas C\u00e1nepa.<\/figcaption><\/figure>\n\n\n\n<figure class=\"wp-block-image size-large\"><img loading=\"lazy\" decoding=\"async\" width=\"576\" height=\"1024\" data-id=\"5158\" src=\"https:\/\/federacionargentinadeajedrez.org\/wp-content\/uploads\/2022\/09\/2amur-576x1024.jpg\" alt=\"\" class=\"wp-image-5158\" srcset=\"https:\/\/federacionargentinadeajedrez.org\/wp-content\/uploads\/2022\/09\/2amur-576x1024.jpg 576w, https:\/\/federacionargentinadeajedrez.org\/wp-content\/uploads\/2022\/09\/2amur-169x300.jpg 169w, https:\/\/federacionargentinadeajedrez.org\/wp-content\/uploads\/2022\/09\/2amur-768x1365.jpg 768w, https:\/\/federacionargentinadeajedrez.org\/wp-content\/uploads\/2022\/09\/2amur-864x1536.jpg 864w, https:\/\/federacionargentinadeajedrez.org\/wp-content\/uploads\/2022\/09\/2amur.jpg 900w\" sizes=\"auto, (max-width: 576px) 100vw, 576px\" \/><figcaption>Simultaneas en plazas de Salta.<\/figcaption><\/figure>\n\n\n\n<figure class=\"wp-block-image size-large\"><img loading=\"lazy\" decoding=\"async\" width=\"720\" height=\"404\" data-id=\"5155\" src=\"https:\/\/federacionargentinadeajedrez.org\/wp-content\/uploads\/2022\/09\/3amur.jpg\" alt=\"\" class=\"wp-image-5155\" srcset=\"https:\/\/federacionargentinadeajedrez.org\/wp-content\/uploads\/2022\/09\/3amur.jpg 720w, https:\/\/federacionargentinadeajedrez.org\/wp-content\/uploads\/2022\/09\/3amur-300x168.jpg 300w\" sizes=\"auto, (max-width: 720px) 100vw, 720px\" \/><\/figure>\n\n\n\n<figure class=\"wp-block-image size-large\"><img loading=\"lazy\" decoding=\"async\" width=\"579\" height=\"1024\" data-id=\"5157\" src=\"https:\/\/federacionargentinadeajedrez.org\/wp-content\/uploads\/2022\/09\/4amur-579x1024.jpg\" alt=\"\" class=\"wp-image-5157\" srcset=\"https:\/\/federacionargentinadeajedrez.org\/wp-content\/uploads\/2022\/09\/4amur-579x1024.jpg 579w, https:\/\/federacionargentinadeajedrez.org\/wp-content\/uploads\/2022\/09\/4amur-170x300.jpg 170w, https:\/\/federacionargentinadeajedrez.org\/wp-content\/uploads\/2022\/09\/4amur.jpg 720w\" sizes=\"auto, (max-width: 579px) 100vw, 579px\" \/><figcaption>WGM Claudia Amura junto a Beno Rojas (Fed. Salte\u00f1a de Ajedrez)<\/figcaption><\/figure>\n\n\n\n<figure class=\"wp-block-image size-large\"><img loading=\"lazy\" decoding=\"async\" width=\"720\" height=\"399\" data-id=\"5156\" src=\"https:\/\/federacionargentinadeajedrez.org\/wp-content\/uploads\/2022\/09\/5amur.jpg\" alt=\"\" class=\"wp-image-5156\" srcset=\"https:\/\/federacionargentinadeajedrez.org\/wp-content\/uploads\/2022\/09\/5amur.jpg 720w, https:\/\/federacionargentinadeajedrez.org\/wp-content\/uploads\/2022\/09\/5amur-300x166.jpg 300w\" sizes=\"auto, (max-width: 720px) 100vw, 720px\" \/><figcaption>WGM Claudia Amura en Salta.<\/figcaption><\/figure>\n<\/figure>\n\n\n\n<p><\/p>\n","protected":false},"excerpt":{"rendered":"<p>La WGM Claudia Amura contin\u00faa su recorrida por el NOA, esta semana uno de sus destinos fue la provincia de Salta en donde&hellip;<\/p>\n","protected":false},"author":1,"featured_media":5158,"comment_status":"closed","ping_status":"closed","sticky":false,"template":"","format":"standard","meta":{"footnotes":""},"categories":[23],"tags":[],"class_list":["post-5153","post","type-post","status-publish","format-standard","has-post-thumbnail","hentry","category-noticias-2022"],"_links":{"self":[{"href":"https:\/\/federacionargentinadeajedrez.org\/index.php?rest_route=\/wp\/v2\/posts\/5153","targetHints":{"allow":["GET"]}}],"collection":[{"href":"https:\/\/federacionargentinadeajedrez.org\/index.php?rest_route=\/wp\/v2\/posts"}],"about":[{"href":"https:\/\/federacionargentinadeajedrez.org\/index.php?rest_route=\/wp\/v2\/types\/post"}],"author":[{"embeddable":true,"href":"https:\/\/federacionargentinadeajedrez.org\/index.php?rest_route=\/wp\/v2\/users\/1"}],"replies":[{"embeddable":true,"href":"https:\/\/federacionargentinadeajedrez.org\/index.php?rest_route=%2Fwp%2Fv2%2Fcomments&post=5153"}],"version-history":[{"count":1,"href":"https:\/\/federacionargentinadeajedrez.org\/index.php?rest_route=\/wp\/v2\/posts\/5153\/revisions"}],"predecessor-version":[{"id":5159,"href":"https:\/\/federacionargentinadeajedrez.org\/index.php?rest_route=\/wp\/v2\/posts\/5153\/revisions\/5159"}],"wp:featuredmedia":[{"embeddable":true,"href":"https:\/\/federacionargentinadeajedrez.org\/index.php?rest_route=\/wp\/v2\/media\/5158"}],"wp:attachment":[{"href":"https:\/\/federacionargentinadeajedrez.org\/index.php?rest_route=%2Fwp%2Fv2%2Fmedia&parent=5153"}],"wp:term":[{"taxonomy":"category","embeddable":true,"href":"https:\/\/federacionargentinadeajedrez.org\/index.php?rest_route=%2Fwp%2Fv2%2Fcategories&post=5153"},{"taxonomy":"post_tag","embeddable":true,"href":"https:\/\/federacionargentinadeajedrez.org\/index.php?rest_route=%2Fwp%2Fv2%2Ftags&post=5153"}],"curies":[{"name":"wp","href":"https:\/\/api.w.org\/{rel}","templated":true}]}}