{"id":5197,"date":"2022-10-01T20:10:00","date_gmt":"2022-10-01T20:10:00","guid":{"rendered":"https:\/\/federacionargentinadeajedrez.org\/?p=5197"},"modified":"2022-10-06T20:22:04","modified_gmt":"2022-10-06T20:22:04","slug":"dia-historico-para-el-ajedrez-argentino","status":"publish","type":"post","link":"https:\/\/federacionargentinadeajedrez.org\/?p=5197","title":{"rendered":"D\u00eda Hist\u00f3rico para el Ajedrez Argentino"},"content":{"rendered":"\n<p>En la tarde de este jueves se realiz\u00f3 en el CENARD la despedida de los atletas argentinos que participar\u00e1 de los XII Juegos Sudamericanos Asunci\u00f3n 2022, el presidente Alberto Fernandez fue quien encabez\u00f3 el evento y entreg\u00f3 la bandera argentina a la jugadora de hockey sobre c\u00e9sped Roc\u00edo S\u00e1nchez Moccia y el palista Agust\u00edn Vernice, quienes ser\u00e1n los abanderados nacionales en Paraguay.<\/p>\n\n\n\n<p>El ajedrez argentino particip\u00f3 de este acto oficial con <a><\/a>la delegaci\u00f3n que nos representar\u00e1 en los juegos suramericanos de asunci\u00f3n: La mejor jugadora de la historia de nuestro pa\u00eds la WGM Claudia Amura (nominada para ser abanderada Argentina), el actual campe\u00f3n argentino superior GM Federico Perez Ponsa, la jefa de la delegaci\u00f3n arbitra internacional Beatriz Liendro y el presidente de FADA y miembro del comit\u00e9 Ol\u00edmpico Mario Petrucci.<\/p>\n\n\n\n<p>De la ceremonia, que se realiz\u00f3 en el Centro Nacional de Alto Rendimiento Deportivo (CeNARD), tambi\u00e9n participaron Gabriel Katopodis, ministro de Obras P\u00fablicas, la secretaria de deportes de la Naci\u00f3n, In\u00e9s Arrondo; el vicepresidente segundo del Comit\u00e9 Ol\u00edmpico Argentino (COA) y presidente de la comisi\u00f3n de atletas, Walter P\u00e9rez, y el jefe de la Misi\u00f3n Argentina en Asunci\u00f3n y tesorero de la entidad, Carlos Ferrea.<\/p>\n\n\n\n<p>Tambi\u00e9n formaron parte del evento emblem\u00e1ticos atletas ol\u00edmpicos de la talla de la campeona ol\u00edmpica de judo en R\u00edo 2016, Paula Pareto quien adem\u00e1s es representante de atletas en la Mesa Directiva del COA; Cecilia Carranza, oro en vela en R\u00edo 2016, y Noel Barrionuevo, doble medallista de plata en Londres 2012 y Tokio 2020, y de bronce en Beijing 2008 con Las Leonas, junto a algunos de los atletas que tomar\u00e1n parte de la delegaci\u00f3n nacional en los XII Juegos Sudamericanos, que se disputar\u00e1n del 1 al 15 de octubre en la capital paraguaya.<\/p>\n\n\n\n<p>La Federaci\u00f3n Argentina de Ajedrez fue una de las partes importantes en la inclusi\u00f3n del Ajedrez en esta cita ol\u00edmpica ya que llev\u00f3 adelante la propuesta en el a\u00f1o 2017, luego de ver frustrada la incorporaci\u00f3n en los juegos de Cochabamba 2018. Esta iniciativa cont\u00f3 con el apoyo del Comit\u00e9 Ol\u00edmpico Argentino, la Federaci\u00f3n Internacional de ajedrez, la Confederaci\u00f3n de ajedrez de Am\u00e9rica y la Federaci\u00f3n Paraguaya de Ajedrez.<\/p>\n\n\n\n<figure class=\"wp-block-gallery has-nested-images columns-2 is-cropped wp-block-gallery-1 is-layout-flex wp-block-gallery-is-layout-flex\">\n<figure class=\"wp-block-image size-large\"><img loading=\"lazy\" decoding=\"async\" width=\"768\" height=\"833\" data-id=\"5202\" src=\"https:\/\/federacionargentinadeajedrez.org\/wp-content\/uploads\/2022\/10\/1cenard.jpg\" alt=\"\" class=\"wp-image-5202\" srcset=\"https:\/\/federacionargentinadeajedrez.org\/wp-content\/uploads\/2022\/10\/1cenard.jpg 768w, https:\/\/federacionargentinadeajedrez.org\/wp-content\/uploads\/2022\/10\/1cenard-277x300.jpg 277w\" sizes=\"auto, (max-width: 768px) 100vw, 768px\" \/><figcaption>AI Beatriz Liendro, WGM Claudia Amura y GM Federico Perez Ponsa.<\/figcaption><\/figure>\n\n\n\n<figure class=\"wp-block-image size-large\"><img loading=\"lazy\" decoding=\"async\" width=\"713\" height=\"554\" data-id=\"5199\" src=\"https:\/\/federacionargentinadeajedrez.org\/wp-content\/uploads\/2022\/10\/2cenard.jpg\" alt=\"\" class=\"wp-image-5199\" srcset=\"https:\/\/federacionargentinadeajedrez.org\/wp-content\/uploads\/2022\/10\/2cenard.jpg 713w, https:\/\/federacionargentinadeajedrez.org\/wp-content\/uploads\/2022\/10\/2cenard-300x233.jpg 300w\" sizes=\"auto, (max-width: 713px) 100vw, 713px\" \/><figcaption>El presidente de FADA junto a la delegaci\u00f3n Argentina que participara en los VII Juegos Suramericanos Asunci\u00f3n 2022: AI Beatriz Liendro, WGM Claudia Amura y GM Federico Perez Ponsa.<\/figcaption><\/figure>\n\n\n\n<figure class=\"wp-block-image size-large\"><img loading=\"lazy\" decoding=\"async\" width=\"472\" height=\"505\" data-id=\"5198\" src=\"https:\/\/federacionargentinadeajedrez.org\/wp-content\/uploads\/2022\/10\/3cenard.jpg\" alt=\"\" class=\"wp-image-5198\" srcset=\"https:\/\/federacionargentinadeajedrez.org\/wp-content\/uploads\/2022\/10\/3cenard.jpg 472w, https:\/\/federacionargentinadeajedrez.org\/wp-content\/uploads\/2022\/10\/3cenard-280x300.jpg 280w\" sizes=\"auto, (max-width: 472px) 100vw, 472px\" \/><figcaption>La WGM Claudia Amura en la presentaci\u00f3n de la delegaci\u00f3n Argentina. <\/figcaption><\/figure>\n\n\n\n<figure class=\"wp-block-image size-large\"><img loading=\"lazy\" decoding=\"async\" width=\"1024\" height=\"775\" data-id=\"5201\" src=\"https:\/\/federacionargentinadeajedrez.org\/wp-content\/uploads\/2022\/10\/4cenard.jpg\" alt=\"\" class=\"wp-image-5201\" srcset=\"https:\/\/federacionargentinadeajedrez.org\/wp-content\/uploads\/2022\/10\/4cenard.jpg 1024w, https:\/\/federacionargentinadeajedrez.org\/wp-content\/uploads\/2022\/10\/4cenard-300x227.jpg 300w, https:\/\/federacionargentinadeajedrez.org\/wp-content\/uploads\/2022\/10\/4cenard-768x581.jpg 768w\" sizes=\"auto, (max-width: 1024px) 100vw, 1024px\" \/><figcaption>Junto al presidente de la naci\u00f3n Alberto Fernandez.<\/figcaption><\/figure>\n\n\n\n<figure class=\"wp-block-image size-large\"><img loading=\"lazy\" decoding=\"async\" width=\"846\" height=\"559\" data-id=\"5200\" src=\"https:\/\/federacionargentinadeajedrez.org\/wp-content\/uploads\/2022\/10\/5cenard.jpg\" alt=\"\" class=\"wp-image-5200\" srcset=\"https:\/\/federacionargentinadeajedrez.org\/wp-content\/uploads\/2022\/10\/5cenard.jpg 846w, https:\/\/federacionargentinadeajedrez.org\/wp-content\/uploads\/2022\/10\/5cenard-300x198.jpg 300w, https:\/\/federacionargentinadeajedrez.org\/wp-content\/uploads\/2022\/10\/5cenard-768x507.jpg 768w\" sizes=\"auto, (max-width: 846px) 100vw, 846px\" \/><\/figure>\n<\/figure>\n","protected":false},"excerpt":{"rendered":"<p>En la tarde de este jueves se realiz\u00f3 en el CENARD la despedida de los atletas argentinos que participar\u00e1 de los XII Juegos&hellip;<\/p>\n","protected":false},"author":1,"featured_media":5199,"comment_status":"closed","ping_status":"closed","sticky":false,"template":"","format":"standard","meta":{"footnotes":""},"categories":[28,23,13,11],"tags":[],"class_list":["post-5197","post","type-post","status-publish","format-standard","has-post-thumbnail","hentry","category-juegos-suramericanos","category-noticias-2022","category-noticias-destacadas","category-presencia-institucional"],"_links":{"self":[{"href":"https:\/\/federacionargentinadeajedrez.org\/index.php?rest_route=\/wp\/v2\/posts\/5197","targetHints":{"allow":["GET"]}}],"collection":[{"href":"https:\/\/federacionargentinadeajedrez.org\/index.php?rest_route=\/wp\/v2\/posts"}],"about":[{"href":"https:\/\/federacionargentinadeajedrez.org\/index.php?rest_route=\/wp\/v2\/types\/post"}],"author":[{"embeddable":true,"href":"https:\/\/federacionargentinadeajedrez.org\/index.php?rest_route=\/wp\/v2\/users\/1"}],"replies":[{"embeddable":true,"href":"https:\/\/federacionargentinadeajedrez.org\/index.php?rest_route=%2Fwp%2Fv2%2Fcomments&post=5197"}],"version-history":[{"count":2,"href":"https:\/\/federacionargentinadeajedrez.org\/index.php?rest_route=\/wp\/v2\/posts\/5197\/revisions"}],"predecessor-version":[{"id":5205,"href":"https:\/\/federacionargentinadeajedrez.org\/index.php?rest_route=\/wp\/v2\/posts\/5197\/revisions\/5205"}],"wp:featuredmedia":[{"embeddable":true,"href":"https:\/\/federacionargentinadeajedrez.org\/index.php?rest_route=\/wp\/v2\/media\/5199"}],"wp:attachment":[{"href":"https:\/\/federacionargentinadeajedrez.org\/index.php?rest_route=%2Fwp%2Fv2%2Fmedia&parent=5197"}],"wp:term":[{"taxonomy":"category","embeddable":true,"href":"https:\/\/federacionargentinadeajedrez.org\/index.php?rest_route=%2Fwp%2Fv2%2Fcategories&post=5197"},{"taxonomy":"post_tag","embeddable":true,"href":"https:\/\/federacionargentinadeajedrez.org\/index.php?rest_route=%2Fwp%2Fv2%2Ftags&post=5197"}],"curies":[{"name":"wp","href":"https:\/\/api.w.org\/{rel}","templated":true}]}}