{"id":522,"date":"2019-08-31T13:45:49","date_gmt":"2019-08-31T13:45:49","guid":{"rendered":"https:\/\/federacionargentinadeajedrez.org\/?p=522"},"modified":"2019-09-13T19:04:58","modified_gmt":"2019-09-13T19:04:58","slug":"jugadores-de-la-94o-final-campeonato-argentino-superior-de-ajedrez-2019","status":"publish","type":"post","link":"https:\/\/federacionargentinadeajedrez.org\/?p=522","title":{"rendered":"Jugadores de la 94\u00ba Final Campeonato Argentino Superior de Ajedrez 2019"},"content":{"rendered":"\n<figure class=\"wp-block-image\"><img decoding=\"async\" src=\"https:\/\/94finalargentinosuperior2019.files.wordpress.com\/2019\/08\/flores-3.jpg?w=200\" alt=\"\" class=\"wp-image-158\"\/><figcaption><strong><em>Seis\n veces Campe\u00f3n Argentino en los a\u00f1os: 2005, 2009, 2012, 2013, 2016 y \n2017 y Siete veces representante ol\u00edmpico, en los a\u00f1os 2006, 2008, 2010,\n 2012, 2014, 2016 y 2018.<\/em><\/strong><\/figcaption><\/figure>\n\n\n\n<figure class=\"wp-block-image\"><img decoding=\"async\" src=\"https:\/\/94finalargentinosuperior2019.files.wordpress.com\/2019\/08\/pichot-3.jpg?w=200\" alt=\"\" class=\"wp-image-162\"\/><figcaption><strong><em>El participante m\u00e1s joven, Campe\u00f3n Mundial Sub 16 en el a\u00f1o 2014 y dos veces representante ol\u00edmpico en 2016 y 2018.<\/em><\/strong><\/figcaption><\/figure>\n\n\n\n<figure class=\"wp-block-image\"><img decoding=\"async\" src=\"https:\/\/94finalargentinosuperior2019.files.wordpress.com\/2019\/08\/peralta-2.jpg?w=200\" alt=\"\" class=\"wp-image-164\"\/><figcaption><strong><em>Dos\n veces Campe\u00f3n Argentino en 2006 y 2018. Ocho veces representante \nol\u00edmpico en los a\u00f1os 2002, 2006, 2008, 2010, 2012, 2014, 2016 y 2018.<\/em><\/strong><\/figcaption><\/figure>\n\n\n\n<figure class=\"wp-block-image\"><img decoding=\"async\" src=\"https:\/\/94finalargentinosuperior2019.files.wordpress.com\/2019\/08\/krysa-2.jpg?w=200\" alt=\"\" class=\"wp-image-167\"\/><figcaption><strong><em>Obtuvo\n su t\u00edtulo de Gran Maestro en 2017. Ese mismo a\u00f1o disput\u00f3 la Copa del \nMundo. Dos veces ganador del Abierto de Mar del Plata en 2013 y 2016.<\/em><\/strong><\/figcaption><\/figure>\n\n\n\n<figure class=\"wp-block-image\"><img decoding=\"async\" src=\"https:\/\/94finalargentinosuperior2019.files.wordpress.com\/2019\/08\/valerga-3.jpg?w=200\" alt=\"\" class=\"wp-image-169\"\/><figcaption><strong><em>Estuvo\n en cuatro Olimp\u00edadas, dos veces como jugador en 2006 y 2010, y otras \ndos como Capit\u00e1n, 2008 y 2016. Esta ser\u00e1 su decimoquinta final, siendo \nel que m\u00e1s finales jug\u00f3 dentro de los participantes de este torneo.<\/em><\/strong><\/figcaption><\/figure>\n\n\n\n<figure class=\"wp-block-image\"><img decoding=\"async\" src=\"https:\/\/94finalargentinosuperior2019.files.wordpress.com\/2019\/08\/tristan-3.jpg?w=200\" alt=\"\" class=\"wp-image-171\"\/><figcaption><strong><em>Durante\n los dos \u00faltimos a\u00f1os obtuvo dos normas de Gran Maestro y gan\u00f3 cuatro \ntorneos: Abierto Ballester 2018, Abierto Mar del Plata 2018, Magistral \nCopa Mercosur 2018 (norma de GM) y Magistral Yael 2019 (norma de GM).<\/em><\/strong><\/figcaption><\/figure>\n\n\n\n<figure class=\"wp-block-image\"><img decoding=\"async\" src=\"https:\/\/94finalargentinosuperior2019.files.wordpress.com\/2019\/08\/bitelmajer-3.jpg?w=200\" alt=\"\" class=\"wp-image-173\"\/><figcaption><strong><em>Acaba de recibir su t\u00edtulo de Maestro Internacional. Obtuvo una norma de Gran Maestro en el Campeonato Argentino de 2016.<\/em><\/strong><\/figcaption><\/figure>\n\n\n\n<figure class=\"wp-block-image\"><img decoding=\"async\" src=\"https:\/\/94finalargentinosuperior2019.files.wordpress.com\/2019\/08\/perez-m-3.jpg?w=200\" alt=\"\" class=\"wp-image-175\"\/><figcaption><strong><em>Obtuvo  su t\u00edtulo de Maestro Internacional al ganar el ITT Gr\u00e1fica Yael en  2016. Es el ganador de las Semifinales Argentinas 2019.<\/em><\/strong><\/figcaption><\/figure>\n\n\n\n<figure class=\"wp-block-image\"><img decoding=\"async\" src=\"https:\/\/94finalargentinosuperior2019.files.wordpress.com\/2019\/08\/dolezal-3.jpg?w=200\" alt=\"\" class=\"wp-image-176\"\/><figcaption><strong><em>Dos normas de Gran Maestro. Ganador de numerosos Torneos Abiertos, entre ellos el Pro Am 2013 en Villa Martelli.<\/em><\/strong><\/figcaption><\/figure>\n\n\n\n<figure class=\"wp-block-image\"><img decoding=\"async\" src=\"https:\/\/94finalargentinosuperior2019.files.wordpress.com\/2019\/08\/scarella-3.jpg?w=200\" alt=\"\" class=\"wp-image-178\"\/><figcaption><strong><em>Ganador\n de numerosos Torneos Abiertos, entre ellos podemos contar Abiertos de \nVilla Ballester, Playa Uni\u00f3n en Chubut, Ciudad de Escobar, etc.<\/em><\/strong><\/figcaption><\/figure>\n\n\n\n<figure class=\"wp-block-image\"><img decoding=\"async\" src=\"https:\/\/94finalargentinosuperior2019.files.wordpress.com\/2019\/08\/aguilar-4.jpg?w=200\" alt=\"\" class=\"wp-image-179\"\/><figcaption><strong><em>La revelaci\u00f3n de las Semifinales 2019, jugar\u00e1 en esta oportunidad su primera Final de Campeonato Argentino<\/em><\/strong>.<\/figcaption><\/figure>\n","protected":false},"excerpt":{"rendered":"","protected":false},"author":1,"featured_media":0,"comment_status":"closed","ping_status":"closed","sticky":false,"template":"","format":"standard","meta":{"footnotes":""},"categories":[5],"tags":[],"class_list":["post-522","post","type-post","status-publish","format-standard","hentry","category-noticias-2019"],"_links":{"self":[{"href":"https:\/\/federacionargentinadeajedrez.org\/index.php?rest_route=\/wp\/v2\/posts\/522","targetHints":{"allow":["GET"]}}],"collection":[{"href":"https:\/\/federacionargentinadeajedrez.org\/index.php?rest_route=\/wp\/v2\/posts"}],"about":[{"href":"https:\/\/federacionargentinadeajedrez.org\/index.php?rest_route=\/wp\/v2\/types\/post"}],"author":[{"embeddable":true,"href":"https:\/\/federacionargentinadeajedrez.org\/index.php?rest_route=\/wp\/v2\/users\/1"}],"replies":[{"embeddable":true,"href":"https:\/\/federacionargentinadeajedrez.org\/index.php?rest_route=%2Fwp%2Fv2%2Fcomments&post=522"}],"version-history":[{"count":2,"href":"https:\/\/federacionargentinadeajedrez.org\/index.php?rest_route=\/wp\/v2\/posts\/522\/revisions"}],"predecessor-version":[{"id":560,"href":"https:\/\/federacionargentinadeajedrez.org\/index.php?rest_route=\/wp\/v2\/posts\/522\/revisions\/560"}],"wp:attachment":[{"href":"https:\/\/federacionargentinadeajedrez.org\/index.php?rest_route=%2Fwp%2Fv2%2Fmedia&parent=522"}],"wp:term":[{"taxonomy":"category","embeddable":true,"href":"https:\/\/federacionargentinadeajedrez.org\/index.php?rest_route=%2Fwp%2Fv2%2Fcategories&post=522"},{"taxonomy":"post_tag","embeddable":true,"href":"https:\/\/federacionargentinadeajedrez.org\/index.php?rest_route=%2Fwp%2Fv2%2Ftags&post=522"}],"curies":[{"name":"wp","href":"https:\/\/api.w.org\/{rel}","templated":true}]}}