{"id":5276,"date":"2022-11-03T13:02:44","date_gmt":"2022-11-03T13:02:44","guid":{"rendered":"https:\/\/federacionargentinadeajedrez.org\/?p=5276"},"modified":"2022-11-03T13:08:50","modified_gmt":"2022-11-03T13:08:50","slug":"anna-scarsi-fue-seleccionada-por-fide-para-viajar-a-un-campus-de-entrenamiento-con-figuras-mundiales","status":"publish","type":"post","link":"https:\/\/federacionargentinadeajedrez.org\/?p=5276","title":{"rendered":"Anna Scarsi fue seleccionada por FIDE para viajar a un campus de entrenamiento con figuras mundiales"},"content":{"rendered":"\n<figure class=\"wp-block-image size-large\"><img loading=\"lazy\" decoding=\"async\" width=\"720\" height=\"545\" src=\"https:\/\/federacionargentinadeajedrez.org\/wp-content\/uploads\/2022\/11\/anascarsi1-e1667480542529-edited.jpg\" alt=\"\" class=\"wp-image-5279\" srcset=\"https:\/\/federacionargentinadeajedrez.org\/wp-content\/uploads\/2022\/11\/anascarsi1-e1667480542529-edited.jpg 720w, https:\/\/federacionargentinadeajedrez.org\/wp-content\/uploads\/2022\/11\/anascarsi1-e1667480542529-edited-300x227.jpg 300w\" sizes=\"auto, (max-width: 720px) 100vw, 720px\" \/><\/figure>\n\n\n\n<p>La jugadora de Villa del Parque, Anna Scarsi, ser\u00e1 la \u00fanica representante latinoamericana en un campus de entrenamiento en Barcelona organizado por la FIDE, donde se topar\u00e1 con grandes figuras.<\/p>\n\n\n\n<p>La Federaci\u00f3n Internacional de Ajedrez (FIDE) llevar\u00e1 adelante un campus de entrenamiento en la ciudad espa\u00f1ola de Barcelona, en donde se reunir\u00e1n grandes promesas del deporte para tomar clases. Entre figuras estar\u00e1 Anna Scarsi, \u00fanica representante de Argentina y de Latinoam\u00e9rica, quien, por su desempe\u00f1o en el Queen Festival (5\u00b0 lugar), gan\u00f3 clases virtuales y tras su intachable desempe\u00f1o en ellas, le lleg\u00f3 la invitaci\u00f3n.<\/p>\n\n\n\n<p>Quien se encarg\u00f3 de registrar a la deportista en aquel prestigioso certamen juvenil fue la Federaci\u00f3n Argentina de Ajedrez, y tras su excelente rendimiento a posteriori, la FIDE volvi\u00f3 a convocarla, esta vez, para el campus en Barcelona. \u201cLa invitaci\u00f3n no me la esperaba. Sab\u00eda que era una posibilidad pero no cre\u00eda que me iban a llamar porque era muy dif\u00edcil\u201d, afirm\u00f3 la jugadora de Villa del Parque.<\/p>\n\n\n\n<p>Anna, hija de una\u00a0integrante de la Comisi\u00f3n Paral\u00edmpica del Ajedrez nacional, estar\u00e1 al lado del alem\u00e1n de origen ruso Arthur Yusupov y del let\u00f3n Alexei Shirov, figuras del ajedrez contempor\u00e1neo y encargados de dictar el campus del 5 al 11 de Diciembre. En di\u00e1logo con FADA, la jugadora se\u00f1al\u00f3: \u201cEstoy muy entusiasmada por esto; sin duda es uno de los sue\u00f1os que tiene cualquier ajedrecista, el de estar al lado de Grandes Maestros. \u00a1Y mucho m\u00e1s que me den clases! Esos d\u00edas van a ser muy buenos\u201d.<\/p>\n\n\n\n<p>\u201cEsta posibilidad me llega en un momento en el que estoy mejor en el deporte, en mi record de ELO. Adem\u00e1s, me ha ido bien en bastantes torneos, recientemente. El objetivo es aprender lo m\u00e1s que pueda, pasarla bien y conocer a la gente de otros pa\u00edses\u201d,\u00a0concluy\u00f3 Anna.<\/p>\n","protected":false},"excerpt":{"rendered":"<p>La jugadora de Villa del Parque, Anna Scarsi, ser\u00e1 la \u00fanica representante latinoamericana en un campus de entrenamiento en Barcelona organizado por la&hellip;<\/p>\n","protected":false},"author":1,"featured_media":5277,"comment_status":"closed","ping_status":"closed","sticky":false,"template":"","format":"standard","meta":{"footnotes":""},"categories":[9,23],"tags":[],"class_list":["post-5276","post","type-post","status-publish","format-standard","has-post-thumbnail","hentry","category-blog","category-noticias-2022"],"_links":{"self":[{"href":"https:\/\/federacionargentinadeajedrez.org\/index.php?rest_route=\/wp\/v2\/posts\/5276","targetHints":{"allow":["GET"]}}],"collection":[{"href":"https:\/\/federacionargentinadeajedrez.org\/index.php?rest_route=\/wp\/v2\/posts"}],"about":[{"href":"https:\/\/federacionargentinadeajedrez.org\/index.php?rest_route=\/wp\/v2\/types\/post"}],"author":[{"embeddable":true,"href":"https:\/\/federacionargentinadeajedrez.org\/index.php?rest_route=\/wp\/v2\/users\/1"}],"replies":[{"embeddable":true,"href":"https:\/\/federacionargentinadeajedrez.org\/index.php?rest_route=%2Fwp%2Fv2%2Fcomments&post=5276"}],"version-history":[{"count":3,"href":"https:\/\/federacionargentinadeajedrez.org\/index.php?rest_route=\/wp\/v2\/posts\/5276\/revisions"}],"predecessor-version":[{"id":5282,"href":"https:\/\/federacionargentinadeajedrez.org\/index.php?rest_route=\/wp\/v2\/posts\/5276\/revisions\/5282"}],"wp:featuredmedia":[{"embeddable":true,"href":"https:\/\/federacionargentinadeajedrez.org\/index.php?rest_route=\/wp\/v2\/media\/5277"}],"wp:attachment":[{"href":"https:\/\/federacionargentinadeajedrez.org\/index.php?rest_route=%2Fwp%2Fv2%2Fmedia&parent=5276"}],"wp:term":[{"taxonomy":"category","embeddable":true,"href":"https:\/\/federacionargentinadeajedrez.org\/index.php?rest_route=%2Fwp%2Fv2%2Fcategories&post=5276"},{"taxonomy":"post_tag","embeddable":true,"href":"https:\/\/federacionargentinadeajedrez.org\/index.php?rest_route=%2Fwp%2Fv2%2Ftags&post=5276"}],"curies":[{"name":"wp","href":"https:\/\/api.w.org\/{rel}","templated":true}]}}