{"id":5340,"date":"2022-11-18T14:57:08","date_gmt":"2022-11-18T14:57:08","guid":{"rendered":"https:\/\/federacionargentinadeajedrez.org\/?p=5340"},"modified":"2022-11-20T15:04:10","modified_gmt":"2022-11-20T15:04:10","slug":"actividades-del-presidente-de-fada-en-san-juan","status":"publish","type":"post","link":"https:\/\/federacionargentinadeajedrez.org\/?p=5340","title":{"rendered":"Actividades del presidente de FADA en San Juan"},"content":{"rendered":"\n<p><em>Redacci\u00f3n Katherina Draguicevich\u00a0\/ Medios FADA<\/em><br><br>El presidente de FADA, Mario Petrucci, particip\u00f3 junto al presidente del Comit\u00e9 Ol\u00edmpico Argentino, Mario Moccia, y el presidente de la Confederaci\u00f3n Argentina de Deportes de Pat\u00edn, para presenciar la final mundial de hockey sobre patines en la ciudad de San Juan<br>En dicha oportunidad realiz\u00f3 varias reuniones con autoridades provinciales y del ajedrez local, todas ellas apuntando a aumentar la actividad de ajedrez en dicha provincia; siendo San Juan una de las provincias m\u00e1s activas en el \u00e1mbito deportivo.<br>Nos expres\u00f3 Petrucci: \u201cen primer lugar, quiero agradecer la invitaci\u00f3n y el inter\u00e9s de las autoridades para realizar eventos del calendario de FADA durante el 2023. El ministro de deportes, Jorge Chica, visitar\u00e1 este mes la sede de FADA para ajustar detalles para las pr\u00f3ximas actividades\u201d.<br>Tambi\u00e9n hubo reuniones con el dirigente del ajedrez local, Rodrigo Varela, quien se mostr\u00f3 entusiasmado en participar y colaborar sabiendo que toda la actividad resultar\u00e1 muy beneficiosa para los aficionados locales.<\/p>\n\n\n\n<figure class=\"wp-block-gallery has-nested-images columns-default is-cropped wp-block-gallery-1 is-layout-flex wp-block-gallery-is-layout-flex\">\n<figure class=\"wp-block-image size-large\"><img loading=\"lazy\" decoding=\"async\" width=\"768\" height=\"748\" data-id=\"5342\" src=\"https:\/\/federacionargentinadeajedrez.org\/wp-content\/uploads\/2022\/11\/mariogobs-1.jpg\" alt=\"\" class=\"wp-image-5342\" srcset=\"https:\/\/federacionargentinadeajedrez.org\/wp-content\/uploads\/2022\/11\/mariogobs-1.jpg 768w, https:\/\/federacionargentinadeajedrez.org\/wp-content\/uploads\/2022\/11\/mariogobs-1-300x292.jpg 300w\" sizes=\"auto, (max-width: 768px) 100vw, 768px\" \/><figcaption class=\"wp-element-caption\">El presidente de fada Mario Petrucci junto al gobernador de San Juan Dr Sergio U\u00f1ac durante los festejos del campeonato mundial de hockey sobre patines.<\/figcaption><\/figure>\n\n\n\n<figure class=\"wp-block-image size-large\"><img loading=\"lazy\" decoding=\"async\" width=\"473\" height=\"611\" data-id=\"5343\" src=\"https:\/\/federacionargentinadeajedrez.org\/wp-content\/uploads\/2022\/11\/mariogobs2.jpg\" alt=\"\" class=\"wp-image-5343\" srcset=\"https:\/\/federacionargentinadeajedrez.org\/wp-content\/uploads\/2022\/11\/mariogobs2.jpg 473w, https:\/\/federacionargentinadeajedrez.org\/wp-content\/uploads\/2022\/11\/mariogobs2-232x300.jpg 232w\" sizes=\"auto, (max-width: 473px) 100vw, 473px\" \/><figcaption class=\"wp-element-caption\">El dirigente local Rodrigo Varela, el Ministro de deportes de San Juan Jorge Chica y el presidente de FADA Mario Petrucci reunidos para programar actividades en el 2023.<\/figcaption><\/figure>\n<\/figure>\n","protected":false},"excerpt":{"rendered":"<p>Redacci\u00f3n Katherina Draguicevich\u00a0\/ Medios FADA El presidente de FADA, Mario Petrucci, particip\u00f3 junto al presidente del Comit\u00e9 Ol\u00edmpico Argentino, Mario Moccia, y el&hellip;<\/p>\n","protected":false},"author":1,"featured_media":5342,"comment_status":"closed","ping_status":"closed","sticky":false,"template":"","format":"standard","meta":{"footnotes":""},"categories":[23,13,11],"tags":[],"class_list":["post-5340","post","type-post","status-publish","format-standard","has-post-thumbnail","hentry","category-noticias-2022","category-noticias-destacadas","category-presencia-institucional"],"_links":{"self":[{"href":"https:\/\/federacionargentinadeajedrez.org\/index.php?rest_route=\/wp\/v2\/posts\/5340","targetHints":{"allow":["GET"]}}],"collection":[{"href":"https:\/\/federacionargentinadeajedrez.org\/index.php?rest_route=\/wp\/v2\/posts"}],"about":[{"href":"https:\/\/federacionargentinadeajedrez.org\/index.php?rest_route=\/wp\/v2\/types\/post"}],"author":[{"embeddable":true,"href":"https:\/\/federacionargentinadeajedrez.org\/index.php?rest_route=\/wp\/v2\/users\/1"}],"replies":[{"embeddable":true,"href":"https:\/\/federacionargentinadeajedrez.org\/index.php?rest_route=%2Fwp%2Fv2%2Fcomments&post=5340"}],"version-history":[{"count":1,"href":"https:\/\/federacionargentinadeajedrez.org\/index.php?rest_route=\/wp\/v2\/posts\/5340\/revisions"}],"predecessor-version":[{"id":5344,"href":"https:\/\/federacionargentinadeajedrez.org\/index.php?rest_route=\/wp\/v2\/posts\/5340\/revisions\/5344"}],"wp:featuredmedia":[{"embeddable":true,"href":"https:\/\/federacionargentinadeajedrez.org\/index.php?rest_route=\/wp\/v2\/media\/5342"}],"wp:attachment":[{"href":"https:\/\/federacionargentinadeajedrez.org\/index.php?rest_route=%2Fwp%2Fv2%2Fmedia&parent=5340"}],"wp:term":[{"taxonomy":"category","embeddable":true,"href":"https:\/\/federacionargentinadeajedrez.org\/index.php?rest_route=%2Fwp%2Fv2%2Fcategories&post=5340"},{"taxonomy":"post_tag","embeddable":true,"href":"https:\/\/federacionargentinadeajedrez.org\/index.php?rest_route=%2Fwp%2Fv2%2Ftags&post=5340"}],"curies":[{"name":"wp","href":"https:\/\/api.w.org\/{rel}","templated":true}]}}