{"id":5399,"date":"2022-11-30T22:35:38","date_gmt":"2022-11-30T22:35:38","guid":{"rendered":"https:\/\/federacionargentinadeajedrez.org\/?p=5399"},"modified":"2022-11-30T23:00:40","modified_gmt":"2022-11-30T23:00:40","slug":"el-ajedrez-argentino-tuvo-su-fiesta-anual-de-premiacion","status":"publish","type":"post","link":"https:\/\/federacionargentinadeajedrez.org\/?p=5399","title":{"rendered":"El ajedrez argentino tuvo su fiesta anual de premiaci\u00f3n"},"content":{"rendered":"\n<p>Por Alan Mineo<\/p>\n\n\n\n<p>En <a><\/a>el Centro Universitario de Vicente Lopez, el ajedrez nacional llev\u00f3 adelante su 9\u00ba fiesta anual de premiaci\u00f3n en la que los m\u00e1s destacados de los \u00faltimos a\u00f1os recibieron elogios, trofeos y regalos; autoridades municipales estuvieron presentes.<\/p>\n\n\n\n<p>Mario Petrucci, presidente de la Federacion Argentina de Ajedrez, fue el encargado de abrir y cerrar la jornada festiva frente a un sal\u00f3n totalmente repleto de ajedrecistas y sus familiares, y dirigentes. La emoci\u00f3n prim\u00f3 durante las tres horas que dur\u00f3 el evento, en la que se premi\u00f3 y reconoci\u00f3 a lo m\u00e1s destacado del ajedrez nacional.<\/p>\n\n\n\n<p>\u201cPoder hacer esta premiaci\u00f3n me genera orgullo, y es producto del trabajo en equipo tanto con las escuelas como con las distintas instituciones que nos acompa\u00f1an, tratando de llevar el ajedrez, la rob\u00f3tica y la matematica a diferentes lugares\u201d, se\u00f1al\u00f3 en di\u00e1logo con FADA Jose Jaime, subsecretario de educaci\u00f3n y empleo de Vicente Lopez. Y agreg\u00f3: \u201cMario Petrucci entiende hace mucho el concepto de la ense\u00f1anza desde el punto de vista social. Desde el municipio tenemos un compromiso serio y constante con la comunidad educativa\u201d.<\/p>\n\n\n\n<p>Personas de todas las edades desfilaron por el escenario para recibir diferentes premios de la mano de sus profesores y dirigentes de la Federaci\u00f3n. Los campeones argentinos sub 8 a sub 20, campeones argentinos, campeones absolutos y medallas internacionales, campeones amateur, campeones de la Liga Nacional de Ajedrez y diversas menciones especiales fueron parte de la premiaci\u00f3n anual realizada en Munro.<\/p>\n\n\n\n<p>Alejandro Sass, vicepresidente de la Federacion Argentina de Ajedrez, se mostr\u00f3 visiblemente emocionado ante tanta alegr\u00eda en el lugar: \u201cPasamos la pandemia que ha sido dur\u00edsima para todos, y ver la felicidad y los logros de los chicos, no tiene explicaci\u00f3n. Cada uno, en distintos lugares del pais, con sus m\u00e9todos y experiencias, ha hecho lo suyo. Literalmente, en los \u00faltimos a\u00f1os, hemos duplicado los numeros en torneo e inscriptos. Sin dudas, el 2022 es el a\u00f1o del ajedrez. Estoy muy contento porque se siguen incorporando instituciones a la FADA y todos siguen apoyando la gesti\u00f3n. Tenemos mucho trabajo por delante\u201d.<\/p>\n\n\n\n<p><img loading=\"lazy\" decoding=\"async\" height=\"16\" width=\"16\" src=\"https:\/\/static.xx.fbcdn.net\/images\/emoji.php\/v9\/tcc\/1\/16\/1f4dd.png\" alt=\"\ud83d\udcdd\"><img loading=\"lazy\" decoding=\"async\" height=\"16\" width=\"16\" src=\"https:\/\/static.xx.fbcdn.net\/images\/emoji.php\/v9\/tbe\/1\/16\/1f3c6.png\" alt=\"\ud83c\udfc6\"> Todos los premiados: <a rel=\"noreferrer noopener\" href=\"http:\/\/federacionargentinadeajedrez.org\/?p=5313&amp;fbclid=IwAR3yBcj7vZUAiRNR6QryNmppXsP7PKTJSbLlYF3yR6d5qA2u5KImZC_1jos\" target=\"_blank\">http:\/\/federacionargentinadeajedrez.org\/?p=5313<\/a><\/p>\n\n\n\n<iframe loading=\"lazy\" src=\"https:\/\/www.facebook.com\/plugins\/post.php?href=https%3A%2F%2Fwww.facebook.com%2Ffadafanpage%2Fposts%2Fpfbid02qRwQwvQyYdGK5rgeWgqPsx6kVYsxsADdTtJzqqv2bNVUMgX6TFfeqqxs97PqgjsPl&amp;show_text=true&amp;width=900\" width=\"800\" height=\"696\" style=\"border:none;overflow:hidden\" scrolling=\"no\" frameborder=\"0\" allowfullscreen=\"true\" allow=\"autoplay; clipboard-write; encrypted-media; picture-in-picture; web-share\"><\/iframe>\n","protected":false},"excerpt":{"rendered":"<p>Por Alan Mineo En el Centro Universitario de Vicente Lopez, el ajedrez nacional llev\u00f3 adelante su 9\u00ba fiesta anual de premiaci\u00f3n en la&hellip;<\/p>\n","protected":false},"author":1,"featured_media":5418,"comment_status":"closed","ping_status":"closed","sticky":false,"template":"","format":"standard","meta":{"footnotes":""},"categories":[23,13],"tags":[],"class_list":["post-5399","post","type-post","status-publish","format-standard","has-post-thumbnail","hentry","category-noticias-2022","category-noticias-destacadas"],"_links":{"self":[{"href":"https:\/\/federacionargentinadeajedrez.org\/index.php?rest_route=\/wp\/v2\/posts\/5399","targetHints":{"allow":["GET"]}}],"collection":[{"href":"https:\/\/federacionargentinadeajedrez.org\/index.php?rest_route=\/wp\/v2\/posts"}],"about":[{"href":"https:\/\/federacionargentinadeajedrez.org\/index.php?rest_route=\/wp\/v2\/types\/post"}],"author":[{"embeddable":true,"href":"https:\/\/federacionargentinadeajedrez.org\/index.php?rest_route=\/wp\/v2\/users\/1"}],"replies":[{"embeddable":true,"href":"https:\/\/federacionargentinadeajedrez.org\/index.php?rest_route=%2Fwp%2Fv2%2Fcomments&post=5399"}],"version-history":[{"count":1,"href":"https:\/\/federacionargentinadeajedrez.org\/index.php?rest_route=\/wp\/v2\/posts\/5399\/revisions"}],"predecessor-version":[{"id":5417,"href":"https:\/\/federacionargentinadeajedrez.org\/index.php?rest_route=\/wp\/v2\/posts\/5399\/revisions\/5417"}],"wp:featuredmedia":[{"embeddable":true,"href":"https:\/\/federacionargentinadeajedrez.org\/index.php?rest_route=\/wp\/v2\/media\/5418"}],"wp:attachment":[{"href":"https:\/\/federacionargentinadeajedrez.org\/index.php?rest_route=%2Fwp%2Fv2%2Fmedia&parent=5399"}],"wp:term":[{"taxonomy":"category","embeddable":true,"href":"https:\/\/federacionargentinadeajedrez.org\/index.php?rest_route=%2Fwp%2Fv2%2Fcategories&post=5399"},{"taxonomy":"post_tag","embeddable":true,"href":"https:\/\/federacionargentinadeajedrez.org\/index.php?rest_route=%2Fwp%2Fv2%2Ftags&post=5399"}],"curies":[{"name":"wp","href":"https:\/\/api.w.org\/{rel}","templated":true}]}}