{"id":587,"date":"2019-09-16T13:18:32","date_gmt":"2019-09-16T13:18:32","guid":{"rendered":"https:\/\/federacionargentinadeajedrez.org\/?p=587"},"modified":"2019-09-16T13:27:18","modified_gmt":"2019-09-16T13:27:18","slug":"todo-lo-que-tenes-que-saber-de-la-94-final-argentina-superior-absoluta","status":"publish","type":"post","link":"https:\/\/federacionargentinadeajedrez.org\/?p=587","title":{"rendered":"Todo lo que tenes que saber de la 94 Final Argentina superior absoluta"},"content":{"rendered":"\n<p>Se disputar\u00e1 del 15 al 23 de Septiembre del 2019 y consagrar\u00e1 al Campe\u00f3n argentino de ajedrez superior absoluto 2019.<br><strong>Lugar de juego: <\/strong> Tigre, Buenos Aires.<br><br><strong>Cronograma:<\/strong><\/p>\n\n\n\n<p>Ronda 1\u00aa: &nbsp;&nbsp;&nbsp;&nbsp;&nbsp;&nbsp;&nbsp;&nbsp;Lunes 16 de septiembre &nbsp;\u2013 &nbsp;&nbsp;&nbsp;&nbsp;&nbsp;&nbsp;&nbsp;&nbsp;&nbsp;&nbsp;&nbsp;&nbsp;&nbsp;&nbsp;&nbsp;&nbsp;&nbsp;&nbsp;&nbsp;&nbsp;&nbsp;&nbsp; 16.00 hs.<\/p>\n\n\n\n<p>Ronda 2\u00aa: &nbsp;&nbsp;&nbsp;&nbsp;&nbsp;&nbsp;&nbsp;&nbsp;Martes 17 de septiembre \u2013 &nbsp;&nbsp;&nbsp;&nbsp;&nbsp;&nbsp; &nbsp;&nbsp;&nbsp;&nbsp;&nbsp;&nbsp;&nbsp;&nbsp;&nbsp;&nbsp;&nbsp;&nbsp;&nbsp;&nbsp; 16.00 hs.<\/p>\n\n\n\n<p>Ronda 3\u00aa: &nbsp;&nbsp;&nbsp;&nbsp;&nbsp;&nbsp;&nbsp;&nbsp;Mi\u00e9rcoles 18 de septiembre \u2013 &nbsp;&nbsp;&nbsp;&nbsp;&nbsp;&nbsp;&nbsp;&nbsp;&nbsp;&nbsp;&nbsp;&nbsp;&nbsp;&nbsp;&nbsp; 16.00 hs.<\/p>\n\n\n\n<p>Ronda 4\u00aa: &nbsp;&nbsp;&nbsp;&nbsp;&nbsp;&nbsp;&nbsp;&nbsp;Jueves 19 de septiembre &nbsp;\u2013 &nbsp;&nbsp;&nbsp;&nbsp;&nbsp;&nbsp;&nbsp;&nbsp;&nbsp;&nbsp;&nbsp;&nbsp;&nbsp;&nbsp;&nbsp;&nbsp;&nbsp;&nbsp;&nbsp;&nbsp;&nbsp; 16.00 hs.<\/p>\n\n\n\n<p>Ronda 5\u00aa: &nbsp;&nbsp;&nbsp;&nbsp;&nbsp;&nbsp;&nbsp;&nbsp;Viernes 20 de septiembre \u2013 &nbsp;&nbsp;&nbsp;&nbsp;&nbsp;&nbsp;&nbsp;&nbsp;&nbsp;&nbsp;&nbsp;&nbsp; &nbsp;&nbsp;&nbsp;&nbsp;&nbsp;&nbsp; 16.00 hs.<\/p>\n\n\n\n<p>Ronda 6\u00aa: &nbsp;&nbsp;&nbsp;&nbsp;&nbsp;&nbsp;&nbsp;&nbsp;S\u00e1bado 21 de septiembre \u2013 &nbsp;&nbsp;&nbsp;&nbsp;&nbsp;&nbsp;&nbsp;&nbsp;&nbsp;&nbsp;&nbsp;&nbsp;&nbsp;&nbsp; &nbsp;&nbsp;&nbsp;&nbsp;&nbsp; 16.00 hs.<\/p>\n\n\n\n<p>Ronda 7\u00aa: &nbsp;&nbsp;&nbsp;&nbsp;&nbsp;&nbsp;&nbsp;&nbsp;Domingo 22 de septiembre \u2013 &nbsp;&nbsp;&nbsp;&nbsp;&nbsp;&nbsp; &nbsp;&nbsp;&nbsp;&nbsp;&nbsp;&nbsp;&nbsp;&nbsp;&nbsp;&nbsp;&nbsp; 14.00 hs.<\/p>\n\n\n\n<p>Ronda 8\u00aa: &nbsp;&nbsp;&nbsp;&nbsp;&nbsp;&nbsp;&nbsp;&nbsp;&nbsp;Lunes 23 de septiembre &nbsp;\u2013 &nbsp;&nbsp;&nbsp;&nbsp;&nbsp;&nbsp;&nbsp;&nbsp;&nbsp;&nbsp;&nbsp;&nbsp;&nbsp;&nbsp;&nbsp;&nbsp;&nbsp;&nbsp;&nbsp;&nbsp;&nbsp; 16.00 hs.<\/p>\n\n\n\n<p>Ronda 9\u00aa: &nbsp;&nbsp;&nbsp;&nbsp;&nbsp;&nbsp;&nbsp;&nbsp;&nbsp;Martes 24 de septiembre \u2013 &nbsp;&nbsp;&nbsp;&nbsp;&nbsp;&nbsp; &nbsp;&nbsp;&nbsp;&nbsp;&nbsp;&nbsp;&nbsp;&nbsp;&nbsp;&nbsp;&nbsp;&nbsp;&nbsp; 16.00 hs.<\/p>\n\n\n\n<p>Ronda 10\u00aa: &nbsp;&nbsp;&nbsp;&nbsp;&nbsp;&nbsp;&nbsp;&nbsp;Mi\u00e9rcoles 25 de septiembre \u2013 &nbsp;&nbsp;&nbsp;&nbsp;&nbsp;&nbsp;&nbsp;&nbsp;&nbsp;&nbsp;&nbsp;&nbsp;&nbsp; 16.00 hs.<\/p>\n\n\n\n<p>Ronda 11\u00aa: &nbsp;&nbsp;&nbsp;&nbsp;&nbsp;&nbsp;&nbsp;&nbsp;Jueves 26 de septiembre &nbsp;\u2013 &nbsp;&nbsp;&nbsp;&nbsp;&nbsp;&nbsp;&nbsp;&nbsp;&nbsp;&nbsp;&nbsp;&nbsp;&nbsp;&nbsp;&nbsp;&nbsp;&nbsp;&nbsp; 14.00 hs.<\/p>\n\n\n\n<p>&nbsp;\u2013 Entrega de Premios: jueves 26 de septiembre, al finalizar la \u00faltima ronda<br><br><strong>Jugadores: <\/strong><\/p>\n\n\n\n<figure class=\"wp-block-image\"><img decoding=\"async\" src=\"https:\/\/94finalargentinosuperior2019.files.wordpress.com\/2019\/09\/eloflores-1.jpg?w=200\" alt=\"\" class=\"wp-image-354\"\/><figcaption> <strong><em>Seis\n veces Campe\u00f3n Argentino en los a\u00f1os: 2005, 2009, 2012, 2013, 2016 y \n2017 y Siete veces representante ol\u00edmpico, en los a\u00f1os 2006, 2008, 2010,\n 2012, 2014, 2016 y 2018.<\/em><\/strong> <\/figcaption><\/figure>\n\n\n\n<figure class=\"wp-block-image\"><img decoding=\"async\" src=\"https:\/\/94finalargentinosuperior2019.files.wordpress.com\/2019\/09\/elopichot.jpg?w=200\" alt=\"\" class=\"wp-image-355\"\/><figcaption> <strong><em>Campe\u00f3n Mundial Sub 16 en el a\u00f1o 2014 y dos veces representante ol\u00edmpico en 2016 y 2018.<\/em><\/strong> <\/figcaption><\/figure>\n\n\n\n<figure class=\"wp-block-image\"><img decoding=\"async\" src=\"https:\/\/94finalargentinosuperior2019.files.wordpress.com\/2019\/09\/eloperalta.jpg?w=200\" alt=\"\" class=\"wp-image-356\"\/><figcaption> <strong><em>Dos\n veces Campe\u00f3n Argentino en 2006 y 2018. Ocho veces representante \nol\u00edmpico en los a\u00f1os 2002, 2006, 2008, 2010, 2012, 2014, 2016 y 2018.<\/em><\/strong> <\/figcaption><\/figure>\n\n\n\n<figure class=\"wp-block-image\"><img decoding=\"async\" src=\"https:\/\/94finalargentinosuperior2019.files.wordpress.com\/2019\/09\/elokrysa.jpg?w=200\" alt=\"\" class=\"wp-image-360\"\/><figcaption> <strong><em>Obtuvo\n su t\u00edtulo de Gran Maestro en 2017. Ese mismo a\u00f1o disput\u00f3 la Copa del \nMundo. Dos veces ganador del Abierto de Mar del Plata en 2013 y 2016.<\/em><\/strong> <\/figcaption><\/figure>\n\n\n\n<figure class=\"wp-block-image\"><img decoding=\"async\" src=\"https:\/\/94finalargentinosuperior2019.files.wordpress.com\/2019\/09\/elovalerga.jpg?w=200\" alt=\"\" class=\"wp-image-362\"\/><figcaption> <strong><em>Estuvo\n en cuatro Olimp\u00edadas, dos veces como jugador en 2006 y 2010, y otras \ndos como Capit\u00e1n, 2008 y 2016. Esta ser\u00e1 su decimoquinta final, siendo \nel que m\u00e1s finales jug\u00f3 dentro de los participantes de este torneo.<\/em><\/strong> <\/figcaption><\/figure>\n\n\n\n<figure class=\"wp-block-image\"><img decoding=\"async\" src=\"https:\/\/94finalargentinosuperior2019.files.wordpress.com\/2019\/09\/elotristan.jpg?w=200\" alt=\"\" class=\"wp-image-364\"\/><figcaption> <strong><em>Durante\n los dos \u00faltimos a\u00f1os obtuvo dos normas de Gran Maestro y gan\u00f3 cuatro \ntorneos: Abierto Ballester 2018, Abierto Mar del Plata 2018, Magistral \nCopa Mercosur 2018 (norma de GM) y Magistral Yael 2019 (norma de GM).<\/em><\/strong> <\/figcaption><\/figure>\n\n\n\n<figure class=\"wp-block-image\"><img decoding=\"async\" src=\"https:\/\/94finalargentinosuperior2019.files.wordpress.com\/2019\/09\/elobitelmajer.jpg?w=200\" alt=\"\" class=\"wp-image-366\"\/><figcaption> <strong><em>Acaba de recibir su t\u00edtulo de Maestro Internacional. Obtuvo una norma de Gran Maestro en el Campeonato Argentino de 2016.<\/em><\/strong> <\/figcaption><\/figure>\n\n\n\n<figure class=\"wp-block-image\"><img decoding=\"async\" src=\"https:\/\/94finalargentinosuperior2019.files.wordpress.com\/2019\/09\/c38bloperez-m.jpg?w=200\" alt=\"\" class=\"wp-image-368\"\/><figcaption> <strong><em>Obtuvo\n su t\u00edtulo de Maestro Internacional al ganar el ITT Gr\u00e1fica Yael en \n2016. Es el ganador de las Semifinales Argentinas 2019.<\/em><\/strong> <\/figcaption><\/figure>\n\n\n\n<figure class=\"wp-block-image\"><img decoding=\"async\" src=\"https:\/\/94finalargentinosuperior2019.files.wordpress.com\/2019\/09\/elodolezal.jpg?w=200\" alt=\"\" class=\"wp-image-370\"\/><figcaption> <strong><em>Dos normas de Gran Maestro. Ganador de numerosos Torneos Abiertos, entre ellos el Pro Am 2013 en Villa Martelli.<\/em><\/strong><\/figcaption><\/figure>\n\n\n\n<figure class=\"wp-block-image\"><img decoding=\"async\" src=\"https:\/\/94finalargentinosuperior2019.files.wordpress.com\/2019\/09\/eloscarella.jpg?w=200\" alt=\"\" class=\"wp-image-372\"\/><figcaption> <strong><em>Ganador\n de numerosos Torneos Abiertos, entre ellos podemos contar Abiertos de \nVilla Ballester, Playa Uni\u00f3n en Chubut, Ciudad de Escobar, etc.<\/em><\/strong> <\/figcaption><\/figure>\n\n\n\n<figure class=\"wp-block-image\"><img decoding=\"async\" src=\"https:\/\/94finalargentinosuperior2019.files.wordpress.com\/2019\/09\/elo-aguilar.jpg?w=200\" alt=\"\" class=\"wp-image-374\"\/><figcaption> <strong><em>La revelaci\u00f3n de las Semifinales 2019, jugar\u00e1 en esta oportunidad su primera Final de Campeonato Argentino<\/em><\/strong>. <\/figcaption><\/figure>\n\n\n\n<figure class=\"wp-block-image\"><img decoding=\"async\" src=\"https:\/\/94finalargentinosuperior2019.files.wordpress.com\/2019\/09\/whatsapp-image-2019-09-12-at-18.43.39.jpeg?w=200\" alt=\"\" class=\"wp-image-415\"\/><figcaption><strong><em>Es el actual Subcampe\u00f3n Argentino y el jugador m\u00e1s joven del torneo. Una de las principales promesas de nuestro ajedrez.<\/em><\/strong><\/figcaption><\/figure>\n\n\n\n<p>Ver partidas en vivo: <a rel=\"noreferrer noopener\" aria-label=\"Argedrez  (abre en una nueva pesta\u00f1a)\" href=\"http:\/\/www.argedrez.com.ar\/vertorneo_3889.aspx\" target=\"_blank\">Argedrez <\/a>| <a rel=\"noreferrer noopener\" aria-label=\"Ajedrez Latino (abre en una nueva pesta\u00f1a)\" href=\"https:\/\/www.youtube.com\/channel\/UCfWMWpbIOBh8Hv6bODGc4og\" target=\"_blank\">Ajedrez Latino<\/a><br><br>Im\u00e1genes y videos del torneo:  Facebook e Instagram<br><br><\/p>\n","protected":false},"excerpt":{"rendered":"<p>Se disputar\u00e1 del 15 al 23 de Septiembre del 2019 y consagrar\u00e1 al Campe\u00f3n argentino de ajedrez superior absoluto 2019.Lugar de juego: Tigre,&hellip;<\/p>\n","protected":false},"author":1,"featured_media":0,"comment_status":"closed","ping_status":"closed","sticky":false,"template":"","format":"standard","meta":{"footnotes":""},"categories":[5],"tags":[],"class_list":["post-587","post","type-post","status-publish","format-standard","hentry","category-noticias-2019"],"_links":{"self":[{"href":"https:\/\/federacionargentinadeajedrez.org\/index.php?rest_route=\/wp\/v2\/posts\/587","targetHints":{"allow":["GET"]}}],"collection":[{"href":"https:\/\/federacionargentinadeajedrez.org\/index.php?rest_route=\/wp\/v2\/posts"}],"about":[{"href":"https:\/\/federacionargentinadeajedrez.org\/index.php?rest_route=\/wp\/v2\/types\/post"}],"author":[{"embeddable":true,"href":"https:\/\/federacionargentinadeajedrez.org\/index.php?rest_route=\/wp\/v2\/users\/1"}],"replies":[{"embeddable":true,"href":"https:\/\/federacionargentinadeajedrez.org\/index.php?rest_route=%2Fwp%2Fv2%2Fcomments&post=587"}],"version-history":[{"count":3,"href":"https:\/\/federacionargentinadeajedrez.org\/index.php?rest_route=\/wp\/v2\/posts\/587\/revisions"}],"predecessor-version":[{"id":591,"href":"https:\/\/federacionargentinadeajedrez.org\/index.php?rest_route=\/wp\/v2\/posts\/587\/revisions\/591"}],"wp:attachment":[{"href":"https:\/\/federacionargentinadeajedrez.org\/index.php?rest_route=%2Fwp%2Fv2%2Fmedia&parent=587"}],"wp:term":[{"taxonomy":"category","embeddable":true,"href":"https:\/\/federacionargentinadeajedrez.org\/index.php?rest_route=%2Fwp%2Fv2%2Fcategories&post=587"},{"taxonomy":"post_tag","embeddable":true,"href":"https:\/\/federacionargentinadeajedrez.org\/index.php?rest_route=%2Fwp%2Fv2%2Ftags&post=587"}],"curies":[{"name":"wp","href":"https:\/\/api.w.org\/{rel}","templated":true}]}}