{"id":6017,"date":"2023-03-04T16:11:48","date_gmt":"2023-03-04T16:11:48","guid":{"rendered":"https:\/\/federacionargentinadeajedrez.org\/?p=6017"},"modified":"2023-03-05T20:19:13","modified_gmt":"2023-03-05T20:19:13","slug":"2-congreso-nacional-deporte-genero-y-diversidad-avances-y-desafios-para-la-construccion-de-un-deporte-justo-seguro-y-libre-de-violencia","status":"publish","type":"post","link":"https:\/\/federacionargentinadeajedrez.org\/?p=6017","title":{"rendered":"2\u00b0 Congreso Nacional Deporte, G\u00e9nero y Diversidad: Avances y desaf\u00edos para la construcci\u00f3n de un deporte justo, seguro y libre de violencia"},"content":{"rendered":"\n<p>El d\u00eda 2 y 3 de marzo del presente a\u00f1o se llevo acabo el 2\u00b0 Congreso Nacional Deporte, G\u00e9nero y Diversidad: Avances y desaf\u00edos para la construcci\u00f3n de un deporte justo, seguro y libre de violencia, organizado por la Secretar\u00eda de Deportes de la Naci\u00f3n junto con la<br>Secretar\u00eda de Deportes, Recreaci\u00f3n e Inclusi\u00f3n de la Provincia de La Rioja y tiene como objetivo<br>principal promover un espacio federal de aprendizaje, encuentro y reflexi\u00f3n sobre la construcci\u00f3n del<br>deporte desde una perspectiva de g\u00e9nero, igualdad y derechos, el mismo tuvo lugar en La Rioja, en las jornadas se desarroll\u00f3 capacitaciones conjuntamente con toda la Red Federal del Deporte; donde la Federaci\u00f3n Argentina de Ajedrez se hizo presente.<br>Las referentes de g\u00e9nero que lo precedieron fueron Fanny P\u00e9rez miembro de la Comisi\u00f3n de G\u00e9nero de FADA, Roxana Luna de la Federaci\u00f3n Riojana de Ajedrez y Ana Gonzalez referente de Ajedrez <\/p>\n\n\n\n<figure class=\"wp-block-gallery has-nested-images columns-2 is-cropped wp-block-gallery-1 is-layout-flex wp-block-gallery-is-layout-flex\">\n<figure class=\"wp-block-image size-large\"><img loading=\"lazy\" decoding=\"async\" width=\"768\" height=\"1024\" data-id=\"6020\" src=\"https:\/\/federacionargentinadeajedrez.org\/wp-content\/uploads\/2023\/03\/INES1-768x1024.jpg\" alt=\"\" class=\"wp-image-6020\" srcset=\"https:\/\/federacionargentinadeajedrez.org\/wp-content\/uploads\/2023\/03\/INES1-768x1024.jpg 768w, https:\/\/federacionargentinadeajedrez.org\/wp-content\/uploads\/2023\/03\/INES1-225x300.jpg 225w, https:\/\/federacionargentinadeajedrez.org\/wp-content\/uploads\/2023\/03\/INES1-1152x1536.jpg 1152w, https:\/\/federacionargentinadeajedrez.org\/wp-content\/uploads\/2023\/03\/INES1-1024x1365.jpg 1024w, https:\/\/federacionargentinadeajedrez.org\/wp-content\/uploads\/2023\/03\/INES1.jpg 1200w\" sizes=\"auto, (max-width: 768px) 100vw, 768px\" \/><figcaption class=\"wp-element-caption\">In\u00e9s Arrondo Secretaria de Deportes de la Naci\u00f3n, junto a<br>Roxana Luna referente de la Federaci\u00f3n Riojana de Ajedrez y Fanny Perez referente de la Comisi\u00f3n de G\u00e9nero de FADA.<\/figcaption><\/figure>\n\n\n\n<figure class=\"wp-block-image size-large\"><img loading=\"lazy\" decoding=\"async\" width=\"768\" height=\"1024\" data-id=\"6018\" src=\"https:\/\/federacionargentinadeajedrez.org\/wp-content\/uploads\/2023\/03\/GENER-768x1024.jpg\" alt=\"\" class=\"wp-image-6018\" srcset=\"https:\/\/federacionargentinadeajedrez.org\/wp-content\/uploads\/2023\/03\/GENER-768x1024.jpg 768w, https:\/\/federacionargentinadeajedrez.org\/wp-content\/uploads\/2023\/03\/GENER-225x300.jpg 225w, https:\/\/federacionargentinadeajedrez.org\/wp-content\/uploads\/2023\/03\/GENER.jpg 960w\" sizes=\"auto, (max-width: 768px) 100vw, 768px\" \/><figcaption class=\"wp-element-caption\">Referente Fanny Perez de la Comisi\u00f3n de G\u00e9nero de FADA, Roxana Luna referente de la Federaci\u00f3n Riojana de Ajedrez, Ana Gonzalez referente de Ajedrez junto a Guillermina Gordoa<br>Directora Nacional de Pol\u00edticas de G\u00e9nero en el Deporte<br>Secretar\u00eda de Deportes de la Naci\u00f3n.<\/figcaption><\/figure>\n\n\n\n<figure class=\"wp-block-image size-large\"><img loading=\"lazy\" decoding=\"async\" width=\"1024\" height=\"768\" data-id=\"6021\" src=\"https:\/\/federacionargentinadeajedrez.org\/wp-content\/uploads\/2023\/03\/GENER2-1024x768.jpg\" alt=\"\" class=\"wp-image-6021\" srcset=\"https:\/\/federacionargentinadeajedrez.org\/wp-content\/uploads\/2023\/03\/GENER2-1024x768.jpg 1024w, https:\/\/federacionargentinadeajedrez.org\/wp-content\/uploads\/2023\/03\/GENER2-300x225.jpg 300w, https:\/\/federacionargentinadeajedrez.org\/wp-content\/uploads\/2023\/03\/GENER2-768x576.jpg 768w, https:\/\/federacionargentinadeajedrez.org\/wp-content\/uploads\/2023\/03\/GENER2.jpg 1280w\" sizes=\"auto, (max-width: 1024px) 100vw, 1024px\" \/><figcaption class=\"wp-element-caption\">Fanny Perez referente de la Comisi\u00f3n de G\u00e9nero de FADA, Roxana Luna y Ana Gonzalez referentes de la Federaci\u00f3n Riojana de Ajedrez; junto a<br>Marcelo Rodr\u00edguez vicepresidente de la Federaci\u00f3n Riojana de Ajedrez.<\/figcaption><\/figure>\n\n\n\n<figure class=\"wp-block-image size-large\"><img loading=\"lazy\" decoding=\"async\" width=\"768\" height=\"1024\" data-id=\"6019\" src=\"https:\/\/federacionargentinadeajedrez.org\/wp-content\/uploads\/2023\/03\/GENER4-768x1024.jpg\" alt=\"\" class=\"wp-image-6019\" srcset=\"https:\/\/federacionargentinadeajedrez.org\/wp-content\/uploads\/2023\/03\/GENER4-768x1024.jpg 768w, https:\/\/federacionargentinadeajedrez.org\/wp-content\/uploads\/2023\/03\/GENER4-225x300.jpg 225w, https:\/\/federacionargentinadeajedrez.org\/wp-content\/uploads\/2023\/03\/GENER4.jpg 960w\" sizes=\"auto, (max-width: 768px) 100vw, 768px\" \/><\/figure>\n\n\n\n<figure class=\"wp-block-image size-large\"><img loading=\"lazy\" decoding=\"async\" width=\"1024\" height=\"768\" data-id=\"6022\" src=\"https:\/\/federacionargentinadeajedrez.org\/wp-content\/uploads\/2023\/03\/GENER3-1024x768.jpg\" alt=\"\" class=\"wp-image-6022\" srcset=\"https:\/\/federacionargentinadeajedrez.org\/wp-content\/uploads\/2023\/03\/GENER3-1024x768.jpg 1024w, https:\/\/federacionargentinadeajedrez.org\/wp-content\/uploads\/2023\/03\/GENER3-300x225.jpg 300w, https:\/\/federacionargentinadeajedrez.org\/wp-content\/uploads\/2023\/03\/GENER3-768x576.jpg 768w, https:\/\/federacionargentinadeajedrez.org\/wp-content\/uploads\/2023\/03\/GENER3-1536x1152.jpg 1536w, https:\/\/federacionargentinadeajedrez.org\/wp-content\/uploads\/2023\/03\/GENER3.jpg 1600w\" sizes=\"auto, (max-width: 1024px) 100vw, 1024px\" \/><figcaption class=\"wp-element-caption\">Referentes del deporte de todo el pa\u00eds precedieron el 2\u00b0 Congreso Nacional Deporte, G\u00e9nero y Diversidad: Avances y desaf\u00edos para la construcci\u00f3n de un deporte justo, seguro y libre de violencia.<\/figcaption><\/figure>\n<\/figure>\n","protected":false},"excerpt":{"rendered":"<p>El d\u00eda 2 y 3 de marzo del presente a\u00f1o se llevo acabo el 2\u00b0 Congreso Nacional Deporte, G\u00e9nero y Diversidad: Avances y&hellip;<\/p>\n","protected":false},"author":1,"featured_media":6022,"comment_status":"closed","ping_status":"closed","sticky":false,"template":"","format":"standard","meta":{"footnotes":""},"categories":[17,29,13],"tags":[],"class_list":["post-6017","post","type-post","status-publish","format-standard","has-post-thumbnail","hentry","category-comision-de-genero","category-noticias-2023","category-noticias-destacadas"],"_links":{"self":[{"href":"https:\/\/federacionargentinadeajedrez.org\/index.php?rest_route=\/wp\/v2\/posts\/6017","targetHints":{"allow":["GET"]}}],"collection":[{"href":"https:\/\/federacionargentinadeajedrez.org\/index.php?rest_route=\/wp\/v2\/posts"}],"about":[{"href":"https:\/\/federacionargentinadeajedrez.org\/index.php?rest_route=\/wp\/v2\/types\/post"}],"author":[{"embeddable":true,"href":"https:\/\/federacionargentinadeajedrez.org\/index.php?rest_route=\/wp\/v2\/users\/1"}],"replies":[{"embeddable":true,"href":"https:\/\/federacionargentinadeajedrez.org\/index.php?rest_route=%2Fwp%2Fv2%2Fcomments&post=6017"}],"version-history":[{"count":2,"href":"https:\/\/federacionargentinadeajedrez.org\/index.php?rest_route=\/wp\/v2\/posts\/6017\/revisions"}],"predecessor-version":[{"id":6025,"href":"https:\/\/federacionargentinadeajedrez.org\/index.php?rest_route=\/wp\/v2\/posts\/6017\/revisions\/6025"}],"wp:featuredmedia":[{"embeddable":true,"href":"https:\/\/federacionargentinadeajedrez.org\/index.php?rest_route=\/wp\/v2\/media\/6022"}],"wp:attachment":[{"href":"https:\/\/federacionargentinadeajedrez.org\/index.php?rest_route=%2Fwp%2Fv2%2Fmedia&parent=6017"}],"wp:term":[{"taxonomy":"category","embeddable":true,"href":"https:\/\/federacionargentinadeajedrez.org\/index.php?rest_route=%2Fwp%2Fv2%2Fcategories&post=6017"},{"taxonomy":"post_tag","embeddable":true,"href":"https:\/\/federacionargentinadeajedrez.org\/index.php?rest_route=%2Fwp%2Fv2%2Ftags&post=6017"}],"curies":[{"name":"wp","href":"https:\/\/api.w.org\/{rel}","templated":true}]}}