{"id":6174,"date":"2023-04-26T02:37:33","date_gmt":"2023-04-26T02:37:33","guid":{"rendered":"https:\/\/federacionargentinadeajedrez.org\/?p=6174"},"modified":"2023-04-26T02:38:15","modified_gmt":"2023-04-26T02:38:15","slug":"muestra-homenaje-a-oscar-panno-en-river","status":"publish","type":"post","link":"https:\/\/federacionargentinadeajedrez.org\/?p=6174","title":{"rendered":"Muestra Homenaje a Oscar Panno en River"},"content":{"rendered":"<p>Este lunes 24 de abril se inaugur\u00f3 el espacio dedicado al ex campe\u00f3n del mundo juvenil y leyenda del ajedrez argentino gran maestro Oscar Panno.<\/p>\n<p>La muestra se realiza de manera conjunta entre Cultura River y el Departamento de Museo, Trofeos e Historia: \u00e9sta consiste en copas y trofeos de distintos momentos de la vida del gran ajedrecista argentino y riverplatense, as\u00ed como de una serie de fotograf\u00edas de su trayectoria.<\/p>\n<p>Oscar Panno es socio de River Plate desde hace 75 a\u00f1os, lleva 50 a\u00f1os como representante y profesor del club.<\/p>\n<p>En la inauguraci\u00f3n estuvieron presentes el presidente de FADA Mario Petrucci, su vicepresidente Alejandro Sass y el Rating Officer y socio de River AI OI Leandro Plotinsky.<\/p>\n<div id='gallery-1' class='gallery galleryid-6174 gallery-columns-1 gallery-size-full'><figure class='gallery-item'>\n\t\t\t<div class='gallery-icon landscape'>\n\t\t\t\t<a href='https:\/\/federacionargentinadeajedrez.org\/?attachment_id=6178'><img loading=\"lazy\" decoding=\"async\" width=\"620\" height=\"400\" src=\"https:\/\/federacionargentinadeajedrez.org\/wp-content\/uploads\/2023\/04\/PANNORIVER2.jpg\" class=\"attachment-full size-full\" alt=\"\" aria-describedby=\"gallery-1-6178\" srcset=\"https:\/\/federacionargentinadeajedrez.org\/wp-content\/uploads\/2023\/04\/PANNORIVER2.jpg 620w, https:\/\/federacionargentinadeajedrez.org\/wp-content\/uploads\/2023\/04\/PANNORIVER2-300x194.jpg 300w\" sizes=\"auto, (max-width: 620px) 100vw, 620px\" \/><\/a>\n\t\t\t<\/div>\n\t\t\t\t<figcaption class='wp-caption-text gallery-caption' id='gallery-1-6178'>\n\t\t\t\tEl presidente de River Jorge Brito y el GM Oscar Panno\n\t\t\t\t<\/figcaption><\/figure><figure class='gallery-item'>\n\t\t\t<div class='gallery-icon landscape'>\n\t\t\t\t<a href='https:\/\/federacionargentinadeajedrez.org\/?attachment_id=6175'><img loading=\"lazy\" decoding=\"async\" width=\"1600\" height=\"720\" src=\"https:\/\/federacionargentinadeajedrez.org\/wp-content\/uploads\/2023\/04\/MARIOBIRTO.jpg\" class=\"attachment-full size-full\" alt=\"\" aria-describedby=\"gallery-1-6175\" srcset=\"https:\/\/federacionargentinadeajedrez.org\/wp-content\/uploads\/2023\/04\/MARIOBIRTO.jpg 1600w, https:\/\/federacionargentinadeajedrez.org\/wp-content\/uploads\/2023\/04\/MARIOBIRTO-300x135.jpg 300w, https:\/\/federacionargentinadeajedrez.org\/wp-content\/uploads\/2023\/04\/MARIOBIRTO-1024x461.jpg 1024w, https:\/\/federacionargentinadeajedrez.org\/wp-content\/uploads\/2023\/04\/MARIOBIRTO-768x346.jpg 768w, https:\/\/federacionargentinadeajedrez.org\/wp-content\/uploads\/2023\/04\/MARIOBIRTO-1536x691.jpg 1536w\" sizes=\"auto, (max-width: 1600px) 100vw, 1600px\" \/><\/a>\n\t\t\t<\/div>\n\t\t\t\t<figcaption class='wp-caption-text gallery-caption' id='gallery-1-6175'>\n\t\t\t\tAlejandro Sass (Vice Pres. FADA) Jorge Brito (Pres. River) y Mario Petrucci (Pres. FADA)\n\t\t\t\t<\/figcaption><\/figure><figure class='gallery-item'>\n\t\t\t<div class='gallery-icon portrait'>\n\t\t\t\t<a href='https:\/\/federacionargentinadeajedrez.org\/?attachment_id=6176'><img loading=\"lazy\" decoding=\"async\" width=\"899\" height=\"1237\" src=\"https:\/\/federacionargentinadeajedrez.org\/wp-content\/uploads\/2023\/04\/MUESTRA3.jpg\" class=\"attachment-full size-full\" alt=\"\" srcset=\"https:\/\/federacionargentinadeajedrez.org\/wp-content\/uploads\/2023\/04\/MUESTRA3.jpg 899w, https:\/\/federacionargentinadeajedrez.org\/wp-content\/uploads\/2023\/04\/MUESTRA3-218x300.jpg 218w, https:\/\/federacionargentinadeajedrez.org\/wp-content\/uploads\/2023\/04\/MUESTRA3-744x1024.jpg 744w, https:\/\/federacionargentinadeajedrez.org\/wp-content\/uploads\/2023\/04\/MUESTRA3-768x1057.jpg 768w\" sizes=\"auto, (max-width: 899px) 100vw, 899px\" \/><\/a>\n\t\t\t<\/div><\/figure>\n\t\t<\/div>\n\n","protected":false},"excerpt":{"rendered":"<p>Este lunes 24 de abril se inaugur\u00f3 el espacio dedicado al ex campe\u00f3n del mundo juvenil y leyenda del ajedrez argentino gran maestro&hellip;<\/p>\n","protected":false},"author":1,"featured_media":6175,"comment_status":"closed","ping_status":"closed","sticky":false,"template":"","format":"standard","meta":{"footnotes":""},"categories":[29,13,11],"tags":[],"class_list":["post-6174","post","type-post","status-publish","format-standard","has-post-thumbnail","hentry","category-noticias-2023","category-noticias-destacadas","category-presencia-institucional"],"_links":{"self":[{"href":"https:\/\/federacionargentinadeajedrez.org\/index.php?rest_route=\/wp\/v2\/posts\/6174","targetHints":{"allow":["GET"]}}],"collection":[{"href":"https:\/\/federacionargentinadeajedrez.org\/index.php?rest_route=\/wp\/v2\/posts"}],"about":[{"href":"https:\/\/federacionargentinadeajedrez.org\/index.php?rest_route=\/wp\/v2\/types\/post"}],"author":[{"embeddable":true,"href":"https:\/\/federacionargentinadeajedrez.org\/index.php?rest_route=\/wp\/v2\/users\/1"}],"replies":[{"embeddable":true,"href":"https:\/\/federacionargentinadeajedrez.org\/index.php?rest_route=%2Fwp%2Fv2%2Fcomments&post=6174"}],"version-history":[{"count":1,"href":"https:\/\/federacionargentinadeajedrez.org\/index.php?rest_route=\/wp\/v2\/posts\/6174\/revisions"}],"predecessor-version":[{"id":6179,"href":"https:\/\/federacionargentinadeajedrez.org\/index.php?rest_route=\/wp\/v2\/posts\/6174\/revisions\/6179"}],"wp:featuredmedia":[{"embeddable":true,"href":"https:\/\/federacionargentinadeajedrez.org\/index.php?rest_route=\/wp\/v2\/media\/6175"}],"wp:attachment":[{"href":"https:\/\/federacionargentinadeajedrez.org\/index.php?rest_route=%2Fwp%2Fv2%2Fmedia&parent=6174"}],"wp:term":[{"taxonomy":"category","embeddable":true,"href":"https:\/\/federacionargentinadeajedrez.org\/index.php?rest_route=%2Fwp%2Fv2%2Fcategories&post=6174"},{"taxonomy":"post_tag","embeddable":true,"href":"https:\/\/federacionargentinadeajedrez.org\/index.php?rest_route=%2Fwp%2Fv2%2Ftags&post=6174"}],"curies":[{"name":"wp","href":"https:\/\/api.w.org\/{rel}","templated":true}]}}