{"id":6236,"date":"2023-05-08T19:56:33","date_gmt":"2023-05-08T19:56:33","guid":{"rendered":"https:\/\/federacionargentinadeajedrez.org\/?p=6236"},"modified":"2023-05-15T19:58:02","modified_gmt":"2023-05-15T19:58:02","slug":"comunicado-fada-posibles-sedes-final-femenina","status":"publish","type":"post","link":"https:\/\/federacionargentinadeajedrez.org\/?p=6236","title":{"rendered":"Comunicado FADA: Posibles sedes final femenina"},"content":{"rendered":"<p>Estimadas entidades afiliadas:<\/p>\n<p>Les informamos que, lamentablemente, la sede anunciada para la Final Argentina Femenina Superior prevista para el mes de julio ha sido cancelada. S<\/p>\n<p>Por otro lado, nos complace informarles que las siguientes entidades han manifestado su inter\u00e9s en organizar la mencionada final, a las cuales ya se les ha hecho llegar las condiciones b\u00e1sicas para la realizaci\u00f3n del evento:<\/p>\n<p>\u2022 Federaci\u00f3n Salte\u00f1a de Ajedrez.<br \/>\n\u2022 Federaci\u00f3n de Ajedrez de Vicente L\u00f3pez.<br \/>\n\u2022 Federaci\u00f3n Mendocina de Ajedrez.<br \/>\n\u2022 Federaci\u00f3n Santafesina de Ajedrez.<br \/>\n\u2022 Federaci\u00f3n Metropolitana de Ajedrez (Obras AySA).<\/p>\n<p>Les mantendremos informados sobre la nueva fecha y sede de la Final Argentina Femenina Superior, a trav\u00e9s de este medio.<\/p>\n<p>Atentamente,<\/p>\n<p>Junta Directiva.<\/p>\n","protected":false},"excerpt":{"rendered":"<p>Estimadas entidades afiliadas: Les informamos que, lamentablemente, la sede anunciada para la Final Argentina Femenina Superior prevista para el mes de julio ha&hellip;<\/p>\n","protected":false},"author":1,"featured_media":6201,"comment_status":"closed","ping_status":"closed","sticky":false,"template":"","format":"standard","meta":{"footnotes":""},"categories":[29,13],"tags":[],"class_list":["post-6236","post","type-post","status-publish","format-standard","has-post-thumbnail","hentry","category-noticias-2023","category-noticias-destacadas"],"_links":{"self":[{"href":"https:\/\/federacionargentinadeajedrez.org\/index.php?rest_route=\/wp\/v2\/posts\/6236","targetHints":{"allow":["GET"]}}],"collection":[{"href":"https:\/\/federacionargentinadeajedrez.org\/index.php?rest_route=\/wp\/v2\/posts"}],"about":[{"href":"https:\/\/federacionargentinadeajedrez.org\/index.php?rest_route=\/wp\/v2\/types\/post"}],"author":[{"embeddable":true,"href":"https:\/\/federacionargentinadeajedrez.org\/index.php?rest_route=\/wp\/v2\/users\/1"}],"replies":[{"embeddable":true,"href":"https:\/\/federacionargentinadeajedrez.org\/index.php?rest_route=%2Fwp%2Fv2%2Fcomments&post=6236"}],"version-history":[{"count":1,"href":"https:\/\/federacionargentinadeajedrez.org\/index.php?rest_route=\/wp\/v2\/posts\/6236\/revisions"}],"predecessor-version":[{"id":6237,"href":"https:\/\/federacionargentinadeajedrez.org\/index.php?rest_route=\/wp\/v2\/posts\/6236\/revisions\/6237"}],"wp:featuredmedia":[{"embeddable":true,"href":"https:\/\/federacionargentinadeajedrez.org\/index.php?rest_route=\/wp\/v2\/media\/6201"}],"wp:attachment":[{"href":"https:\/\/federacionargentinadeajedrez.org\/index.php?rest_route=%2Fwp%2Fv2%2Fmedia&parent=6236"}],"wp:term":[{"taxonomy":"category","embeddable":true,"href":"https:\/\/federacionargentinadeajedrez.org\/index.php?rest_route=%2Fwp%2Fv2%2Fcategories&post=6236"},{"taxonomy":"post_tag","embeddable":true,"href":"https:\/\/federacionargentinadeajedrez.org\/index.php?rest_route=%2Fwp%2Fv2%2Ftags&post=6236"}],"curies":[{"name":"wp","href":"https:\/\/api.w.org\/{rel}","templated":true}]}}