{"id":6375,"date":"2023-07-10T22:15:22","date_gmt":"2023-07-10T22:15:22","guid":{"rendered":"https:\/\/federacionargentinadeajedrez.org\/?p=6375"},"modified":"2023-07-10T22:20:00","modified_gmt":"2023-07-10T22:20:00","slug":"villa-del-parque-se-consagra-campeon-de-la-liga-nacional-de-ajedrez-semillero-21","status":"publish","type":"post","link":"https:\/\/federacionargentinadeajedrez.org\/?p=6375","title":{"rendered":"Villa del Parque se consagra campe\u00f3n de la Liga Nacional de Ajedrez Semillero 21"},"content":{"rendered":"\n<div class=\"wp-block-cover\"><span aria-hidden=\"true\" class=\"wp-block-cover__background has-background-dim\"><\/span><img loading=\"lazy\" decoding=\"async\" width=\"1000\" height=\"750\" class=\"wp-block-cover__image-background wp-image-6376\" alt=\"\" src=\"https:\/\/federacionargentinadeajedrez.org\/wp-content\/uploads\/2023\/07\/villa1.jpg\" data-object-fit=\"cover\" srcset=\"https:\/\/federacionargentinadeajedrez.org\/wp-content\/uploads\/2023\/07\/villa1.jpg 1000w, https:\/\/federacionargentinadeajedrez.org\/wp-content\/uploads\/2023\/07\/villa1-300x225.jpg 300w, https:\/\/federacionargentinadeajedrez.org\/wp-content\/uploads\/2023\/07\/villa1-768x576.jpg 768w\" sizes=\"auto, (max-width: 1000px) 100vw, 1000px\" \/><div class=\"wp-block-cover__inner-container is-layout-flow wp-block-cover-is-layout-flow\">\n<p class=\"has-text-align-center has-large-font-size\"><\/p>\n<\/div><\/div>\n\n\n\n<p>Despu\u00e9s de una emocionante competencia en la que cada partida fue decisiva, Villa del Parque, Rep\u00fablica Martelli y Obras AySA lucharon hasta el final por el t\u00edtulo en el torneo juvenil m\u00e1s importante de la Liga Nacional de Ajedrez, \u00abEl Semillero 21\u00bb. La competencia, que no se hab\u00eda disputado desde antes de la pandemia, se llev\u00f3 a cabo en dos sedes: Torre Blanca y Villa del Parque.<\/p>\n\n\n\n<p>El equipo local, Villa del Parque, se coron\u00f3 campe\u00f3n del torneo al obtener una destacada actuaci\u00f3n. El subcampeonato fue para Rep\u00fablica Martelli, quien acumul\u00f3 13 puntos, mientras que el tercer puesto, con la misma cantidad de unidades pero un sistema de desempate inferior, fue para Obras AySA.<\/p>\n\n\n\n<figure class=\"wp-block-image size-large\"><img loading=\"lazy\" decoding=\"async\" width=\"1024\" height=\"768\" src=\"https:\/\/federacionargentinadeajedrez.org\/wp-content\/uploads\/2023\/07\/vilalmario-1024x768.jpg\" alt=\"\" class=\"wp-image-6381\" srcset=\"https:\/\/federacionargentinadeajedrez.org\/wp-content\/uploads\/2023\/07\/vilalmario-1024x768.jpg 1024w, https:\/\/federacionargentinadeajedrez.org\/wp-content\/uploads\/2023\/07\/vilalmario-300x225.jpg 300w, https:\/\/federacionargentinadeajedrez.org\/wp-content\/uploads\/2023\/07\/vilalmario-768x576.jpg 768w, https:\/\/federacionargentinadeajedrez.org\/wp-content\/uploads\/2023\/07\/vilalmario.jpg 1280w\" sizes=\"auto, (max-width: 1024px) 100vw, 1024px\" \/><figcaption class=\"wp-element-caption\">El presidente de FADA Mario Petrucci presenciando la ultima ronda de la Liga Nacional Semillero 21.<\/figcaption><\/figure>\n\n\n\n<p>A continuaci\u00f3n, se muestra la lista de jugadores que conformaron el equipo de Villa del Parque:<\/p>\n\n\n\n<p>&#8211; Lagares Rodriguez, Santiago Inak<br>&#8211; Perez Novoa, Lucas<br>&#8211; Esquivel, Belen<br>&#8211; De Lazzari, Felicitas<br>&#8211; Cumpe, Lucas<br>&#8211; Scarsi, Anna Laura<br>&#8211; Meza Astrada, Agustin<\/p>\n\n\n\n<p>El equipo estuvo dirigido por el MF Gustavo Aguila.<\/p>\n\n\n\n<p><strong>\u00a1Felicitaciones<\/strong> a Villa del Parque por su merecido triunfo!<\/p>\n\n\n\n<p><img loading=\"lazy\" decoding=\"async\" height=\"16\" width=\"16\" src=\"https:\/\/static.xx.fbcdn.net\/images\/emoji.php\/v9\/tcc\/1\/16\/1f4dd.png\" alt=\"????\"> M\u00e1s informaci\u00f3n del torneo: <a href=\"https:\/\/chess-results.com\/tnr784729.aspx?lan=2\">https:\/\/chess-results.com\/tnr784729.aspx?lan=2<\/a><\/p>\n","protected":false},"excerpt":{"rendered":"<p>Despu\u00e9s de una emocionante competencia en la que cada partida fue decisiva, Villa del Parque, Rep\u00fablica Martelli y Obras AySA lucharon hasta el&hellip;<\/p>\n","protected":false},"author":1,"featured_media":6376,"comment_status":"closed","ping_status":"closed","sticky":false,"template":"","format":"standard","meta":{"footnotes":""},"categories":[29,13,6],"tags":[],"class_list":["post-6375","post","type-post","status-publish","format-standard","has-post-thumbnail","hentry","category-noticias-2023","category-noticias-destacadas","category-torneos-en-argentina"],"_links":{"self":[{"href":"https:\/\/federacionargentinadeajedrez.org\/index.php?rest_route=\/wp\/v2\/posts\/6375","targetHints":{"allow":["GET"]}}],"collection":[{"href":"https:\/\/federacionargentinadeajedrez.org\/index.php?rest_route=\/wp\/v2\/posts"}],"about":[{"href":"https:\/\/federacionargentinadeajedrez.org\/index.php?rest_route=\/wp\/v2\/types\/post"}],"author":[{"embeddable":true,"href":"https:\/\/federacionargentinadeajedrez.org\/index.php?rest_route=\/wp\/v2\/users\/1"}],"replies":[{"embeddable":true,"href":"https:\/\/federacionargentinadeajedrez.org\/index.php?rest_route=%2Fwp%2Fv2%2Fcomments&post=6375"}],"version-history":[{"count":3,"href":"https:\/\/federacionargentinadeajedrez.org\/index.php?rest_route=\/wp\/v2\/posts\/6375\/revisions"}],"predecessor-version":[{"id":6382,"href":"https:\/\/federacionargentinadeajedrez.org\/index.php?rest_route=\/wp\/v2\/posts\/6375\/revisions\/6382"}],"wp:featuredmedia":[{"embeddable":true,"href":"https:\/\/federacionargentinadeajedrez.org\/index.php?rest_route=\/wp\/v2\/media\/6376"}],"wp:attachment":[{"href":"https:\/\/federacionargentinadeajedrez.org\/index.php?rest_route=%2Fwp%2Fv2%2Fmedia&parent=6375"}],"wp:term":[{"taxonomy":"category","embeddable":true,"href":"https:\/\/federacionargentinadeajedrez.org\/index.php?rest_route=%2Fwp%2Fv2%2Fcategories&post=6375"},{"taxonomy":"post_tag","embeddable":true,"href":"https:\/\/federacionargentinadeajedrez.org\/index.php?rest_route=%2Fwp%2Fv2%2Ftags&post=6375"}],"curies":[{"name":"wp","href":"https:\/\/api.w.org\/{rel}","templated":true}]}}