{"id":6402,"date":"2023-07-24T03:33:01","date_gmt":"2023-07-24T03:33:01","guid":{"rendered":"https:\/\/federacionargentinadeajedrez.org\/?p=6402"},"modified":"2023-07-25T03:39:09","modified_gmt":"2023-07-25T03:39:09","slug":"argentina-lista-para-su-aventura-mundial","status":"publish","type":"post","link":"https:\/\/federacionargentinadeajedrez.org\/?p=6402","title":{"rendered":"Argentina, lista para su aventura Mundial"},"content":{"rendered":"\n<p>La Copa del Mundo FIDE comenzar\u00e1 el 29 de Julio y se extender\u00e1 al 25 de Agosto en Bak\u00fa, Azerbaijan, en el que m\u00e1s de 300 participantes buscar\u00e1n levantar el trofeo, entre ellos, 5 argentinos.<\/p>\n\n\n\n<p>La <a><\/a>Copa del Mundo y la Copa del Mundo Femenina FIDE ya tienen todos sus clasificados. Uno de los torneos m\u00e1s esperados del a\u00f1o a nivel internacional iniciar\u00e1 a finales de Julio con grandes expectativas, y tendr\u00e1 representantes de alrededor de 80 federaciones. Adem\u00e1s, 2,5 millones de d\u00f3lares estar\u00e1n en juego como premios en Azerbaij\u00e1n, el n\u00famero m\u00e1s alto en la historia de este deporte.<\/p>\n\n\n\n<p>Por parte de Argentina, cinco ajedrecistas buscar\u00e1n la gloria, entre ellos, dos que ocupar\u00e1n plazas otorgadas por la FIDE (que tambi\u00e9n distribuy\u00f3 en otro paises), con la unica condici\u00f3n de que hayan estado en la Olimpiada de Chennai.<\/p>\n\n\n\n<p>La WGM Candela Francisco, de 16 a\u00f1os, es la mejor del pa\u00eds, cosecha \u00fanicamente victorias en los torneos en los que participe y clasific\u00f3 a Bak\u00fa por el t\u00edtulo en el Campeonato Continental Femenino realizado en La Habana (Cuba). La WIM Maria Jose Campos viene con un constante crecimiento frente a los tableros, el cual pudo demostrar en el Zonal 2.5 femenino de Paraguay para poder sacar pasaje a la cita mundialista. Y la WIM Anapaola Borda fue elegida por parte de la Federacion Argentina de Ajedrez para ocupar una de las dos plazas que le otorg\u00f3 la FIDE.<\/p>\n\n\n\n<p>El IM Pablo Acosta, a su vez, es uno de los dos hombres que representar\u00e1n a Argentina, luego de terminar en primer lugar en el Zonal de Paraguay. El nacido en Salta y representante de Universidad de la Punta se encuentra jugando campeonatos en Espa\u00f1a a modo de preparaci\u00f3n para Azerbaij\u00e1n. Y el segundo, el GM Fernando Peralta, hace rato que est\u00e1 instalado en el mismo pa\u00eds y compitiendo a nivel internacional, y ocupar\u00e1 la segunda plaza que le otorg\u00f3 FIDE a Argentina; ser\u00e1 el m\u00e1s experimentado de la delegaci\u00f3n.<\/p>\n\n\n\n<p>El formato del torneo consistir\u00e1 en un evento clasificatorio de 8 rondas, en el que los 50 mejores de ELO se unir\u00e1n en la ronda 2. Los encuentros se decidir\u00e1n en matches cl\u00e1sicos de 2 partidas, con eliminatorias r\u00e1pidas y rel\u00e1mpago.<\/p>\n\n\n\n<figure class=\"wp-block-gallery has-nested-images columns-default is-cropped wp-block-gallery-1 is-layout-flex wp-block-gallery-is-layout-flex\">\n<figure class=\"wp-block-image size-large\"><img loading=\"lazy\" decoding=\"async\" width=\"1024\" height=\"1024\" data-id=\"6405\" src=\"https:\/\/federacionargentinadeajedrez.org\/wp-content\/uploads\/2023\/07\/anapaola-1024x1024.jpg\" alt=\"\" class=\"wp-image-6405\" srcset=\"https:\/\/federacionargentinadeajedrez.org\/wp-content\/uploads\/2023\/07\/anapaola-1024x1024.jpg 1024w, https:\/\/federacionargentinadeajedrez.org\/wp-content\/uploads\/2023\/07\/anapaola-300x300.jpg 300w, https:\/\/federacionargentinadeajedrez.org\/wp-content\/uploads\/2023\/07\/anapaola-150x150.jpg 150w, https:\/\/federacionargentinadeajedrez.org\/wp-content\/uploads\/2023\/07\/anapaola-768x768.jpg 768w, https:\/\/federacionargentinadeajedrez.org\/wp-content\/uploads\/2023\/07\/anapaola.jpg 1080w\" sizes=\"auto, (max-width: 1024px) 100vw, 1024px\" \/><\/figure>\n\n\n\n<figure class=\"wp-block-image size-large\"><img loading=\"lazy\" decoding=\"async\" width=\"720\" height=\"720\" data-id=\"6403\" src=\"https:\/\/federacionargentinadeajedrez.org\/wp-content\/uploads\/2023\/07\/pabloacosta.jpg\" alt=\"\" class=\"wp-image-6403\" srcset=\"https:\/\/federacionargentinadeajedrez.org\/wp-content\/uploads\/2023\/07\/pabloacosta.jpg 720w, https:\/\/federacionargentinadeajedrez.org\/wp-content\/uploads\/2023\/07\/pabloacosta-300x300.jpg 300w, https:\/\/federacionargentinadeajedrez.org\/wp-content\/uploads\/2023\/07\/pabloacosta-150x150.jpg 150w\" sizes=\"auto, (max-width: 720px) 100vw, 720px\" \/><\/figure>\n\n\n\n<figure class=\"wp-block-image size-large\"><img loading=\"lazy\" decoding=\"async\" width=\"1024\" height=\"1024\" data-id=\"6406\" src=\"https:\/\/federacionargentinadeajedrez.org\/wp-content\/uploads\/2023\/07\/marijosecampos-1024x1024.jpg\" alt=\"\" class=\"wp-image-6406\" srcset=\"https:\/\/federacionargentinadeajedrez.org\/wp-content\/uploads\/2023\/07\/marijosecampos-1024x1024.jpg 1024w, https:\/\/federacionargentinadeajedrez.org\/wp-content\/uploads\/2023\/07\/marijosecampos-300x300.jpg 300w, https:\/\/federacionargentinadeajedrez.org\/wp-content\/uploads\/2023\/07\/marijosecampos-150x150.jpg 150w, https:\/\/federacionargentinadeajedrez.org\/wp-content\/uploads\/2023\/07\/marijosecampos-768x768.jpg 768w, https:\/\/federacionargentinadeajedrez.org\/wp-content\/uploads\/2023\/07\/marijosecampos.jpg 1080w\" sizes=\"auto, (max-width: 1024px) 100vw, 1024px\" \/><\/figure>\n\n\n\n<figure class=\"wp-block-image size-large\"><img loading=\"lazy\" decoding=\"async\" width=\"1024\" height=\"1024\" data-id=\"6407\" src=\"https:\/\/federacionargentinadeajedrez.org\/wp-content\/uploads\/2023\/07\/peralta-1024x1024.jpg\" alt=\"\" class=\"wp-image-6407\" srcset=\"https:\/\/federacionargentinadeajedrez.org\/wp-content\/uploads\/2023\/07\/peralta-1024x1024.jpg 1024w, https:\/\/federacionargentinadeajedrez.org\/wp-content\/uploads\/2023\/07\/peralta-300x300.jpg 300w, https:\/\/federacionargentinadeajedrez.org\/wp-content\/uploads\/2023\/07\/peralta-150x150.jpg 150w, https:\/\/federacionargentinadeajedrez.org\/wp-content\/uploads\/2023\/07\/peralta-768x768.jpg 768w, https:\/\/federacionargentinadeajedrez.org\/wp-content\/uploads\/2023\/07\/peralta.jpg 1080w\" sizes=\"auto, (max-width: 1024px) 100vw, 1024px\" \/><\/figure>\n\n\n\n<figure class=\"wp-block-image size-large\"><img loading=\"lazy\" decoding=\"async\" width=\"1024\" height=\"1024\" data-id=\"6404\" src=\"https:\/\/federacionargentinadeajedrez.org\/wp-content\/uploads\/2023\/07\/candela-1024x1024.jpg\" alt=\"\" class=\"wp-image-6404\" srcset=\"https:\/\/federacionargentinadeajedrez.org\/wp-content\/uploads\/2023\/07\/candela-1024x1024.jpg 1024w, https:\/\/federacionargentinadeajedrez.org\/wp-content\/uploads\/2023\/07\/candela-300x300.jpg 300w, https:\/\/federacionargentinadeajedrez.org\/wp-content\/uploads\/2023\/07\/candela-150x150.jpg 150w, https:\/\/federacionargentinadeajedrez.org\/wp-content\/uploads\/2023\/07\/candela-768x768.jpg 768w, https:\/\/federacionargentinadeajedrez.org\/wp-content\/uploads\/2023\/07\/candela.jpg 1080w\" sizes=\"auto, (max-width: 1024px) 100vw, 1024px\" \/><\/figure>\n<\/figure>\n","protected":false},"excerpt":{"rendered":"<p>La Copa del Mundo FIDE comenzar\u00e1 el 29 de Julio y se extender\u00e1 al 25 de Agosto en Bak\u00fa, Azerbaijan, en el que&hellip;<\/p>\n","protected":false},"author":1,"featured_media":6408,"comment_status":"closed","ping_status":"closed","sticky":false,"template":"","format":"standard","meta":{"footnotes":""},"categories":[9,29,13],"tags":[],"class_list":["post-6402","post","type-post","status-publish","format-standard","has-post-thumbnail","hentry","category-blog","category-noticias-2023","category-noticias-destacadas"],"_links":{"self":[{"href":"https:\/\/federacionargentinadeajedrez.org\/index.php?rest_route=\/wp\/v2\/posts\/6402","targetHints":{"allow":["GET"]}}],"collection":[{"href":"https:\/\/federacionargentinadeajedrez.org\/index.php?rest_route=\/wp\/v2\/posts"}],"about":[{"href":"https:\/\/federacionargentinadeajedrez.org\/index.php?rest_route=\/wp\/v2\/types\/post"}],"author":[{"embeddable":true,"href":"https:\/\/federacionargentinadeajedrez.org\/index.php?rest_route=\/wp\/v2\/users\/1"}],"replies":[{"embeddable":true,"href":"https:\/\/federacionargentinadeajedrez.org\/index.php?rest_route=%2Fwp%2Fv2%2Fcomments&post=6402"}],"version-history":[{"count":1,"href":"https:\/\/federacionargentinadeajedrez.org\/index.php?rest_route=\/wp\/v2\/posts\/6402\/revisions"}],"predecessor-version":[{"id":6409,"href":"https:\/\/federacionargentinadeajedrez.org\/index.php?rest_route=\/wp\/v2\/posts\/6402\/revisions\/6409"}],"wp:featuredmedia":[{"embeddable":true,"href":"https:\/\/federacionargentinadeajedrez.org\/index.php?rest_route=\/wp\/v2\/media\/6408"}],"wp:attachment":[{"href":"https:\/\/federacionargentinadeajedrez.org\/index.php?rest_route=%2Fwp%2Fv2%2Fmedia&parent=6402"}],"wp:term":[{"taxonomy":"category","embeddable":true,"href":"https:\/\/federacionargentinadeajedrez.org\/index.php?rest_route=%2Fwp%2Fv2%2Fcategories&post=6402"},{"taxonomy":"post_tag","embeddable":true,"href":"https:\/\/federacionargentinadeajedrez.org\/index.php?rest_route=%2Fwp%2Fv2%2Ftags&post=6402"}],"curies":[{"name":"wp","href":"https:\/\/api.w.org\/{rel}","templated":true}]}}