{"id":6856,"date":"2023-11-06T10:32:05","date_gmt":"2023-11-06T10:32:05","guid":{"rendered":"https:\/\/federacionargentinadeajedrez.org\/?p=6856"},"modified":"2023-11-09T10:35:41","modified_gmt":"2023-11-09T10:35:41","slug":"tres-argentinos-participan-en-el-panamericano-sub-20-brasil","status":"publish","type":"post","link":"https:\/\/federacionargentinadeajedrez.org\/?p=6856","title":{"rendered":"Tres argentinos participan en el panamericano sub 20!$$ Brasil"},"content":{"rendered":"\n<p>Durante la Final Argentina de Ajedrez, que se encuentra en pleno desarrollo, el vicepresidente de FADA, Alejandro Sass, y el presidente de Torre Blanca, el AI OI Leandro Plotinsky, llevaron a cabo la entrega de la indumentaria oficial de la selecci\u00f3n Argentina de Ajedrez al Maestro FIDE Faustino Oro, quien, con tan solo 10 a\u00f1os reci\u00e9n cumplidos hoy, inicia su participaci\u00f3n en el Panamericano Sub 20 de R\u00edo de Janeiro, Brasil.<\/p>\n\n\n\n<figure class=\"wp-block-image size-large\"><img loading=\"lazy\" decoding=\"async\" width=\"1024\" height=\"1024\" src=\"https:\/\/federacionargentinadeajedrez.org\/wp-content\/uploads\/2023\/11\/FB_IMG_1699525952280-1024x1024.jpg\" alt=\"\" class=\"wp-image-6857\" srcset=\"https:\/\/federacionargentinadeajedrez.org\/wp-content\/uploads\/2023\/11\/FB_IMG_1699525952280-1024x1024.jpg 1024w, https:\/\/federacionargentinadeajedrez.org\/wp-content\/uploads\/2023\/11\/FB_IMG_1699525952280-300x300.jpg 300w, https:\/\/federacionargentinadeajedrez.org\/wp-content\/uploads\/2023\/11\/FB_IMG_1699525952280-150x150.jpg 150w, https:\/\/federacionargentinadeajedrez.org\/wp-content\/uploads\/2023\/11\/FB_IMG_1699525952280-768x768.jpg 768w, https:\/\/federacionargentinadeajedrez.org\/wp-content\/uploads\/2023\/11\/FB_IMG_1699525952280.jpg 1080w\" sizes=\"auto, (max-width: 1024px) 100vw, 1024px\" \/><\/figure>\n\n\n\n<p>Es importante mencionar que cuenta con el respaldo de FIDE Am\u00e9rica, FADA y su club, Torre Blanca, para competir en este certamen Panamericano, donde ostenta la preclasificaci\u00f3n n\u00famero 4 en el torneo.<\/p>\n\n\n\n<figure class=\"wp-block-image size-large\"><img loading=\"lazy\" decoding=\"async\" width=\"1024\" height=\"1024\" src=\"https:\/\/federacionargentinadeajedrez.org\/wp-content\/uploads\/2023\/11\/FB_IMG_1699525955305-1024x1024.jpg\" alt=\"\" class=\"wp-image-6858\" srcset=\"https:\/\/federacionargentinadeajedrez.org\/wp-content\/uploads\/2023\/11\/FB_IMG_1699525955305-1024x1024.jpg 1024w, https:\/\/federacionargentinadeajedrez.org\/wp-content\/uploads\/2023\/11\/FB_IMG_1699525955305-300x300.jpg 300w, https:\/\/federacionargentinadeajedrez.org\/wp-content\/uploads\/2023\/11\/FB_IMG_1699525955305-150x150.jpg 150w, https:\/\/federacionargentinadeajedrez.org\/wp-content\/uploads\/2023\/11\/FB_IMG_1699525955305-768x768.jpg 768w, https:\/\/federacionargentinadeajedrez.org\/wp-content\/uploads\/2023\/11\/FB_IMG_1699525955305.jpg 1080w\" sizes=\"auto, (max-width: 1024px) 100vw, 1024px\" \/><\/figure>\n\n\n\n<p>Argentina tambi\u00e9n estara representada en gran forma en este Panamericano por el Maestro FIDE Ilan Shnaider (Torre Blanca), un talentoso joven de 12 a\u00f1os, clasificado en el quinto lugar del ranking inicial, y Juan Mart\u00edn Ibarra (Rosario), quien ocupa la posici\u00f3n 12 y hace algunas semanas participo del mundial de la misma categor\u00eda en M\u00e9xico.<\/p>\n\n\n\n<figure class=\"wp-block-image size-large is-resized\"><img loading=\"lazy\" decoding=\"async\" width=\"1024\" height=\"1024\" src=\"https:\/\/federacionargentinadeajedrez.org\/wp-content\/uploads\/2023\/11\/FB_IMG_1699525958449-1024x1024.jpg\" alt=\"\" class=\"wp-image-6859\" style=\"height:9px\" srcset=\"https:\/\/federacionargentinadeajedrez.org\/wp-content\/uploads\/2023\/11\/FB_IMG_1699525958449-1024x1024.jpg 1024w, https:\/\/federacionargentinadeajedrez.org\/wp-content\/uploads\/2023\/11\/FB_IMG_1699525958449-300x300.jpg 300w, https:\/\/federacionargentinadeajedrez.org\/wp-content\/uploads\/2023\/11\/FB_IMG_1699525958449-150x150.jpg 150w, https:\/\/federacionargentinadeajedrez.org\/wp-content\/uploads\/2023\/11\/FB_IMG_1699525958449-768x768.jpg 768w, https:\/\/federacionargentinadeajedrez.org\/wp-content\/uploads\/2023\/11\/FB_IMG_1699525958449.jpg 1080w\" sizes=\"auto, (max-width: 1024px) 100vw, 1024px\" \/><\/figure>\n\n\n\n<p>El torneo se llevar\u00e1 a cabo en formato de sistema suizo, con 9 rondas, entre los d\u00edas 6 y 11 de noviembre.<\/p>\n\n\n\n<p>???? M\u00e1s informaci\u00f3n del torneo:<br>https:\/\/chess-results.com\/tnr791182.aspx?lan=1<\/p>\n\n\n\n<p>\u00a1Vamos Argentina! \u265f\ufe0f????????<\/p>\n","protected":false},"excerpt":{"rendered":"<p>Durante la Final Argentina de Ajedrez, que se encuentra en pleno desarrollo, el vicepresidente de FADA, Alejandro Sass, y el presidente de Torre&hellip;<\/p>\n","protected":false},"author":1,"featured_media":6857,"comment_status":"closed","ping_status":"closed","sticky":false,"template":"","format":"standard","meta":{"footnotes":""},"categories":[34,29,13,11],"tags":[],"class_list":["post-6856","post","type-post","status-publish","format-standard","has-post-thumbnail","hentry","category-98-campeonato-argentino-superior-absoluto","category-noticias-2023","category-noticias-destacadas","category-presencia-institucional"],"_links":{"self":[{"href":"https:\/\/federacionargentinadeajedrez.org\/index.php?rest_route=\/wp\/v2\/posts\/6856","targetHints":{"allow":["GET"]}}],"collection":[{"href":"https:\/\/federacionargentinadeajedrez.org\/index.php?rest_route=\/wp\/v2\/posts"}],"about":[{"href":"https:\/\/federacionargentinadeajedrez.org\/index.php?rest_route=\/wp\/v2\/types\/post"}],"author":[{"embeddable":true,"href":"https:\/\/federacionargentinadeajedrez.org\/index.php?rest_route=\/wp\/v2\/users\/1"}],"replies":[{"embeddable":true,"href":"https:\/\/federacionargentinadeajedrez.org\/index.php?rest_route=%2Fwp%2Fv2%2Fcomments&post=6856"}],"version-history":[{"count":1,"href":"https:\/\/federacionargentinadeajedrez.org\/index.php?rest_route=\/wp\/v2\/posts\/6856\/revisions"}],"predecessor-version":[{"id":6860,"href":"https:\/\/federacionargentinadeajedrez.org\/index.php?rest_route=\/wp\/v2\/posts\/6856\/revisions\/6860"}],"wp:featuredmedia":[{"embeddable":true,"href":"https:\/\/federacionargentinadeajedrez.org\/index.php?rest_route=\/wp\/v2\/media\/6857"}],"wp:attachment":[{"href":"https:\/\/federacionargentinadeajedrez.org\/index.php?rest_route=%2Fwp%2Fv2%2Fmedia&parent=6856"}],"wp:term":[{"taxonomy":"category","embeddable":true,"href":"https:\/\/federacionargentinadeajedrez.org\/index.php?rest_route=%2Fwp%2Fv2%2Fcategories&post=6856"},{"taxonomy":"post_tag","embeddable":true,"href":"https:\/\/federacionargentinadeajedrez.org\/index.php?rest_route=%2Fwp%2Fv2%2Ftags&post=6856"}],"curies":[{"name":"wp","href":"https:\/\/api.w.org\/{rel}","templated":true}]}}