{"id":7078,"date":"2023-12-20T14:23:13","date_gmt":"2023-12-20T14:23:13","guid":{"rendered":"https:\/\/federacionargentinadeajedrez.org\/?p=7078"},"modified":"2023-12-20T14:26:00","modified_gmt":"2023-12-20T14:26:00","slug":"fada-director-ejecutivo","status":"publish","type":"post","link":"https:\/\/federacionargentinadeajedrez.org\/?p=7078","title":{"rendered":"FADA Director Ejecutivo"},"content":{"rendered":"\n<figure class=\"wp-block-image size-large\"><img loading=\"lazy\" decoding=\"async\" width=\"1024\" height=\"1024\" src=\"https:\/\/federacionargentinadeajedrez.org\/wp-content\/uploads\/2023\/12\/2-1-1024x1024.png\" alt=\"\" class=\"wp-image-7081\" srcset=\"https:\/\/federacionargentinadeajedrez.org\/wp-content\/uploads\/2023\/12\/2-1-1024x1024.png 1024w, https:\/\/federacionargentinadeajedrez.org\/wp-content\/uploads\/2023\/12\/2-1-300x300.png 300w, https:\/\/federacionargentinadeajedrez.org\/wp-content\/uploads\/2023\/12\/2-1-150x150.png 150w, https:\/\/federacionargentinadeajedrez.org\/wp-content\/uploads\/2023\/12\/2-1-768x768.png 768w, https:\/\/federacionargentinadeajedrez.org\/wp-content\/uploads\/2023\/12\/2-1.png 1080w\" sizes=\"auto, (max-width: 1024px) 100vw, 1024px\" \/><\/figure>\n\n\n\n<div style=\"height:61px\" aria-hidden=\"true\" class=\"wp-block-spacer\"><\/div>\n\n\n\n<p>Debido al dictado de la resoluci\u00f3n de la Inspecci\u00f3n General de Justicia n\u00famero 1211, del 27 de noviembre de 2023, notificada el 13 de diciembre \u00faltimo, desde la Junta Directiva de FADA se realizaron cambios, que dan lugar al nuevo formato que detallamos en esta nota.<\/p>\n\n\n\n<p>En la Resoluci\u00f3n referenciada m\u00e1s arriba, la IGJ entiende dentro de sus considerandos que los dos per\u00edodos presidenciales que prev\u00e9 el actual estatuto de FADA, se toman como cumplidos en las gestiones del Ingeniero Mario Petrucci de los a\u00f1os: 2015 \u2013 2017 y 2017 \u2013 2021. De este modo instan a que Mario Petrucci dej\u00e9 su lugar al actual Vicepresidente primero Alejandro Sass.&nbsp;<\/p>\n\n\n\n<p>Atento a la situaci\u00f3n planteada ante esta disposici\u00f3n de la IGJ, la Junta Directiva, en reuni\u00f3n efectuada el d\u00eda 19 de diciembre, consider\u00f3 al respecto los siguientes puntos:<\/p>\n\n\n\n<ol class=\"wp-block-list\">\n<li>No estamos de acuerdo con la resoluci\u00f3n de la IGJ. El nuevo Estatuto rige a posteriori de la elecci\u00f3n de Presidente 2015 \u2013 2017. Justamente por eso, pese a que el actual Estatuto tiene 4 a\u00f1os como per\u00edodo presidencial, esa fue la \u00faltima vez que se eligi\u00f3 Presidente por dos a\u00f1os. La primera elecci\u00f3n a Presidente con el nuevo Estatuto fue la 2017 \u2013 2021. Por eso el ingeniero Mario Petrucci est\u00e1 completamente habilitado a completar su per\u00edodo presidencial 2021 \u2013 2025.<br><\/li>\n\n\n\n<li>La misma Resoluci\u00f3n de IGJ expresa que judicialmente esta Resoluci\u00f3n a\u00fan no est\u00e1 firme, ya que nos dice que esta es apelable ante la C\u00e1mara Nacional de Apelaciones en lo Civil de la Capital Federal.\u00a0<br><\/li>\n\n\n\n<li>La Junta Directiva decide poner en estudio el tema legal y mientras tanto acatar el fallo. Asimismo es necesario un formato que le asegure ejecutividad.\u00a0<br><\/li>\n\n\n\n<li>Un\u00e1nimemente esta Junta considera que quiere mantener al Ingeniero Mario Petrucci a cargo de la conducci\u00f3n de las actuales pol\u00edticas y gestiones, para honrar la voluntad de quienes votaron esta Junta Directiva. Para eso, solo se necesita la figura institucional que permita que esto ocurra, sin desconocer el fallo de la IGJ.<br><\/li>\n\n\n\n<li>El Vicepresidente primero Alejandro Sass, propone entonces la creaci\u00f3n de la figura de Director Ejecutivo Ad Honorem. De esta manera, la Junta Directiva designa como su nuevo Director Ejecutivo, al Ingeniero Mario Petrucci. Este reportar\u00e1 peri\u00f3dicamente a la Junta Directiva para la aprobaci\u00f3n y consideraci\u00f3n de las acciones realizadas, y en el desarrollo de nuevos proyectos, con las siguientes funciones:<br><\/li>\n\n\n\n<li>Estar\u00e1n a su cargo todas las Comisiones, el Cuerpo T\u00e9cnico Nacional, el desarrollo de la Actividad Deportiva, la relaci\u00f3n con todas las Afiliadas, ser\u00e1 el Delegado ante Fide, ser\u00e1 asesor en temas financieros, tendr\u00e1 las decisiones sobre todo tipo de eventos realizados por FADA, tendr\u00e1 a su cargo la relaci\u00f3n con Fideam\u00e9rica\u00a0 CCA, tambi\u00e9n la relaci\u00f3n con la Secretar\u00eda de Deportes de la Naci\u00f3n, ser\u00e1 quien se relacione con auspiciantes privados e institucionales, mantendr\u00e1 su cargo en el comit\u00e9 de FIDE CHESS IN MULTISPORT GAME y continuar\u00e1 como miembro consejero del Comit\u00e9 Ol\u00edmpico Nacional.\u00a0<br><\/li>\n\n\n\n<li>Nos pareci\u00f3 una obligaci\u00f3n de la presente Junta Directiva, compatibilizar lo que creemos mejor para la Instituci\u00f3n y para el ajedrez argentino, con el cumplimiento de las normas legales, estemos de acuerdo o no con ellas. Con las disposiciones aqu\u00ed expresadas, creemos haberlo logrado plenamente.\u00a0<br><\/li>\n\n\n\n<li>Nada de todo esto elimina las prerrogativas que posee el Vicepresidente primero en ejercicio de la Presidencia.\u00a0<br><br><strong>JUNTA DIRECTIVA FEDERACI\u00d3N ARGENTINA DE AJEDREZ<\/strong><\/li>\n<\/ol>\n","protected":false},"excerpt":{"rendered":"<p>Debido al dictado de la resoluci\u00f3n de la Inspecci\u00f3n General de Justicia n\u00famero 1211, del 27 de noviembre de 2023, notificada el 13&hellip;<\/p>\n","protected":false},"author":1,"featured_media":7079,"comment_status":"closed","ping_status":"closed","sticky":false,"template":"","format":"standard","meta":{"footnotes":""},"categories":[29,13,11],"tags":[],"class_list":["post-7078","post","type-post","status-publish","format-standard","has-post-thumbnail","hentry","category-noticias-2023","category-noticias-destacadas","category-presencia-institucional"],"_links":{"self":[{"href":"https:\/\/federacionargentinadeajedrez.org\/index.php?rest_route=\/wp\/v2\/posts\/7078","targetHints":{"allow":["GET"]}}],"collection":[{"href":"https:\/\/federacionargentinadeajedrez.org\/index.php?rest_route=\/wp\/v2\/posts"}],"about":[{"href":"https:\/\/federacionargentinadeajedrez.org\/index.php?rest_route=\/wp\/v2\/types\/post"}],"author":[{"embeddable":true,"href":"https:\/\/federacionargentinadeajedrez.org\/index.php?rest_route=\/wp\/v2\/users\/1"}],"replies":[{"embeddable":true,"href":"https:\/\/federacionargentinadeajedrez.org\/index.php?rest_route=%2Fwp%2Fv2%2Fcomments&post=7078"}],"version-history":[{"count":4,"href":"https:\/\/federacionargentinadeajedrez.org\/index.php?rest_route=\/wp\/v2\/posts\/7078\/revisions"}],"predecessor-version":[{"id":7085,"href":"https:\/\/federacionargentinadeajedrez.org\/index.php?rest_route=\/wp\/v2\/posts\/7078\/revisions\/7085"}],"wp:featuredmedia":[{"embeddable":true,"href":"https:\/\/federacionargentinadeajedrez.org\/index.php?rest_route=\/wp\/v2\/media\/7079"}],"wp:attachment":[{"href":"https:\/\/federacionargentinadeajedrez.org\/index.php?rest_route=%2Fwp%2Fv2%2Fmedia&parent=7078"}],"wp:term":[{"taxonomy":"category","embeddable":true,"href":"https:\/\/federacionargentinadeajedrez.org\/index.php?rest_route=%2Fwp%2Fv2%2Fcategories&post=7078"},{"taxonomy":"post_tag","embeddable":true,"href":"https:\/\/federacionargentinadeajedrez.org\/index.php?rest_route=%2Fwp%2Fv2%2Ftags&post=7078"}],"curies":[{"name":"wp","href":"https:\/\/api.w.org\/{rel}","templated":true}]}}