{"id":710,"date":"2019-10-28T13:52:31","date_gmt":"2019-10-28T13:52:31","guid":{"rendered":"https:\/\/federacionargentinadeajedrez.org\/?p=710"},"modified":"2019-10-28T14:02:45","modified_gmt":"2019-10-28T14:02:45","slug":"con-historica-participacion-se-realizo-la-xii-copa-afa-2019","status":"publish","type":"post","link":"https:\/\/federacionargentinadeajedrez.org\/?p=710","title":{"rendered":"Con hist\u00f3rica  participaci\u00f3n se realiz\u00f3 la XII Copa AFA 2019"},"content":{"rendered":"\n<p> El s\u00e1bado 26 de octubre se realiz\u00f3 en el club Velez Sarfield una nueva edici\u00f3n del torneo m\u00e1s importante entre entidades deportivas que en esta oportunidad conto con la enorme participaci\u00f3n de 75 equipos y m\u00e1s de 240 jugadores. Este certamen se dividio en 3 categor\u00edas Superior (campe\u00f3n Velez), reserva (Campe\u00f3n Excursionistas) y sub 18 (Campe\u00f3n Velez).<br>El presidente de la Federaci\u00f3n Argentina de ajedrez el  Ing. Mario, Petrucci y el presidente de la Federaci\u00f3n Metropolitana de  ajedrez Alejandro Sass estuvieron presentes y acompa\u00f1aron este importante evento que demuestra una vez m\u00e1s el amplio desarrollo y participaci\u00f3n que tiene nuestro ajedrez.<\/p>\n\n\n\n<p><a rel=\"noreferrer noopener\" aria-label=\"Detalles de los torneos (abre en una nueva pesta\u00f1a)\" href=\"http:\/\/chess-results.com\/tnr476519.aspx?lan=2\" target=\"_blank\"><strong>Detalles de los torneos<\/strong><\/a><br><\/p>\n\n\n\n<ul class=\"wp-block-gallery columns-1 is-cropped wp-block-gallery-1 is-layout-flex wp-block-gallery-is-layout-flex\"><li class=\"blocks-gallery-item\"><figure><img loading=\"lazy\" decoding=\"async\" width=\"1024\" height=\"768\" src=\"https:\/\/federacionargentinadeajedrez.org\/wp-content\/uploads\/2019\/10\/IMG-20191026-WA0166-1024x768.jpg\" alt=\"\" data-id=\"714\" data-link=\"https:\/\/federacionargentinadeajedrez.org\/?attachment_id=714\" class=\"wp-image-714\" srcset=\"https:\/\/federacionargentinadeajedrez.org\/wp-content\/uploads\/2019\/10\/IMG-20191026-WA0166-1024x768.jpg 1024w, https:\/\/federacionargentinadeajedrez.org\/wp-content\/uploads\/2019\/10\/IMG-20191026-WA0166-300x225.jpg 300w, https:\/\/federacionargentinadeajedrez.org\/wp-content\/uploads\/2019\/10\/IMG-20191026-WA0166-768x576.jpg 768w, https:\/\/federacionargentinadeajedrez.org\/wp-content\/uploads\/2019\/10\/IMG-20191026-WA0166.jpg 1280w\" sizes=\"auto, (max-width: 1024px) 100vw, 1024px\" \/><figcaption>El presidente de la Federaci\u00f3n Mario Petrucci en el discurso inaugural.<\/figcaption><\/figure><\/li><li class=\"blocks-gallery-item\"><figure><img loading=\"lazy\" decoding=\"async\" width=\"1024\" height=\"768\" src=\"https:\/\/federacionargentinadeajedrez.org\/wp-content\/uploads\/2019\/10\/IMG-20191026-WA0165-1024x768.jpg\" alt=\"\" data-id=\"715\" data-link=\"https:\/\/federacionargentinadeajedrez.org\/?attachment_id=715\" class=\"wp-image-715\" srcset=\"https:\/\/federacionargentinadeajedrez.org\/wp-content\/uploads\/2019\/10\/IMG-20191026-WA0165-1024x768.jpg 1024w, https:\/\/federacionargentinadeajedrez.org\/wp-content\/uploads\/2019\/10\/IMG-20191026-WA0165-300x225.jpg 300w, https:\/\/federacionargentinadeajedrez.org\/wp-content\/uploads\/2019\/10\/IMG-20191026-WA0165-768x576.jpg 768w, https:\/\/federacionargentinadeajedrez.org\/wp-content\/uploads\/2019\/10\/IMG-20191026-WA0165.jpg 1280w\" sizes=\"auto, (max-width: 1024px) 100vw, 1024px\" \/><figcaption>El MI Benjamin Mela Junto al presidente de FADA Mario Petrucci.<\/figcaption><\/figure><\/li><li class=\"blocks-gallery-item\"><figure><img loading=\"lazy\" decoding=\"async\" width=\"960\" height=\"720\" src=\"https:\/\/federacionargentinadeajedrez.org\/wp-content\/uploads\/2019\/10\/IMG-20191026-WA0163.jpg\" alt=\"\" data-id=\"716\" data-link=\"https:\/\/federacionargentinadeajedrez.org\/?attachment_id=716\" class=\"wp-image-716\" srcset=\"https:\/\/federacionargentinadeajedrez.org\/wp-content\/uploads\/2019\/10\/IMG-20191026-WA0163.jpg 960w, https:\/\/federacionargentinadeajedrez.org\/wp-content\/uploads\/2019\/10\/IMG-20191026-WA0163-300x225.jpg 300w, https:\/\/federacionargentinadeajedrez.org\/wp-content\/uploads\/2019\/10\/IMG-20191026-WA0163-768x576.jpg 768w\" sizes=\"auto, (max-width: 960px) 100vw, 960px\" \/><figcaption>Alejandro Saas presidente de FMDA y Mario Petrucci presidente de FADA acompa\u00f1aron este importante certamen.<\/figcaption><\/figure><\/li><li class=\"blocks-gallery-item\"><figure><img decoding=\"async\" src=\"https:\/\/federacionargentinadeajedrez.org\/wp-content\/uploads\/2019\/10\/mariojj-1024x768.jpg\" alt=\"\" data-id=\"719\" data-link=\"https:\/\/federacionargentinadeajedrez.org\/?attachment_id=719\" class=\"wp-image-719\"\/><figcaption>El presidente de FADA Mario Petrucci junto a integrantes del equipo de J.J Urquiza DE Caseros una de las instituciones m\u00e1s importante de ajedrez de AFA.<\/figcaption><\/figure><\/li><\/ul>\n\n\n\n<ul class=\"wp-block-gallery columns-1 is-cropped wp-block-gallery-2 is-layout-flex wp-block-gallery-is-layout-flex\"><li class=\"blocks-gallery-item\"><figure><img loading=\"lazy\" decoding=\"async\" width=\"960\" height=\"720\" src=\"https:\/\/federacionargentinadeajedrez.org\/wp-content\/uploads\/2019\/10\/FB_IMG_1572270015847.jpg\" alt=\"\" data-id=\"711\" data-link=\"https:\/\/federacionargentinadeajedrez.org\/?attachment_id=711\" class=\"wp-image-711\" srcset=\"https:\/\/federacionargentinadeajedrez.org\/wp-content\/uploads\/2019\/10\/FB_IMG_1572270015847.jpg 960w, https:\/\/federacionargentinadeajedrez.org\/wp-content\/uploads\/2019\/10\/FB_IMG_1572270015847-300x225.jpg 300w, https:\/\/federacionargentinadeajedrez.org\/wp-content\/uploads\/2019\/10\/FB_IMG_1572270015847-768x576.jpg 768w\" sizes=\"auto, (max-width: 960px) 100vw, 960px\" \/><figcaption>Velez Campe\u00b4pon Superior<\/figcaption><\/figure><\/li><li class=\"blocks-gallery-item\"><figure><img loading=\"lazy\" decoding=\"async\" width=\"960\" height=\"720\" src=\"https:\/\/federacionargentinadeajedrez.org\/wp-content\/uploads\/2019\/10\/FB_IMG_1572270046035.jpg\" alt=\"\" data-id=\"712\" data-link=\"https:\/\/federacionargentinadeajedrez.org\/?attachment_id=712\" class=\"wp-image-712\" srcset=\"https:\/\/federacionargentinadeajedrez.org\/wp-content\/uploads\/2019\/10\/FB_IMG_1572270046035.jpg 960w, https:\/\/federacionargentinadeajedrez.org\/wp-content\/uploads\/2019\/10\/FB_IMG_1572270046035-300x225.jpg 300w, https:\/\/federacionargentinadeajedrez.org\/wp-content\/uploads\/2019\/10\/FB_IMG_1572270046035-768x576.jpg 768w\" sizes=\"auto, (max-width: 960px) 100vw, 960px\" \/><figcaption>Excursionista Campe\u00f3n Reserva<\/figcaption><\/figure><\/li><li class=\"blocks-gallery-item\"><figure><img loading=\"lazy\" decoding=\"async\" width=\"960\" height=\"720\" src=\"https:\/\/federacionargentinadeajedrez.org\/wp-content\/uploads\/2019\/10\/FB_IMG_1572270028131.jpg\" alt=\"\" data-id=\"713\" data-link=\"https:\/\/federacionargentinadeajedrez.org\/?attachment_id=713\" class=\"wp-image-713\" srcset=\"https:\/\/federacionargentinadeajedrez.org\/wp-content\/uploads\/2019\/10\/FB_IMG_1572270028131.jpg 960w, https:\/\/federacionargentinadeajedrez.org\/wp-content\/uploads\/2019\/10\/FB_IMG_1572270028131-300x225.jpg 300w, https:\/\/federacionargentinadeajedrez.org\/wp-content\/uploads\/2019\/10\/FB_IMG_1572270028131-768x576.jpg 768w\" sizes=\"auto, (max-width: 960px) 100vw, 960px\" \/><figcaption>Velez Campe\u00f3n Sub 18<\/figcaption><\/figure><\/li><\/ul>\n\n\n\n<p><\/p>\n","protected":false},"excerpt":{"rendered":"<p>El s\u00e1bado 26 de octubre se realiz\u00f3 en el club Velez Sarfield una nueva edici\u00f3n del torneo m\u00e1s importante entre entidades deportivas que&hellip;<\/p>\n","protected":false},"author":1,"featured_media":711,"comment_status":"closed","ping_status":"closed","sticky":false,"template":"","format":"standard","meta":{"footnotes":""},"categories":[5],"tags":[],"class_list":["post-710","post","type-post","status-publish","format-standard","has-post-thumbnail","hentry","category-noticias-2019"],"_links":{"self":[{"href":"https:\/\/federacionargentinadeajedrez.org\/index.php?rest_route=\/wp\/v2\/posts\/710","targetHints":{"allow":["GET"]}}],"collection":[{"href":"https:\/\/federacionargentinadeajedrez.org\/index.php?rest_route=\/wp\/v2\/posts"}],"about":[{"href":"https:\/\/federacionargentinadeajedrez.org\/index.php?rest_route=\/wp\/v2\/types\/post"}],"author":[{"embeddable":true,"href":"https:\/\/federacionargentinadeajedrez.org\/index.php?rest_route=\/wp\/v2\/users\/1"}],"replies":[{"embeddable":true,"href":"https:\/\/federacionargentinadeajedrez.org\/index.php?rest_route=%2Fwp%2Fv2%2Fcomments&post=710"}],"version-history":[{"count":3,"href":"https:\/\/federacionargentinadeajedrez.org\/index.php?rest_route=\/wp\/v2\/posts\/710\/revisions"}],"predecessor-version":[{"id":720,"href":"https:\/\/federacionargentinadeajedrez.org\/index.php?rest_route=\/wp\/v2\/posts\/710\/revisions\/720"}],"wp:featuredmedia":[{"embeddable":true,"href":"https:\/\/federacionargentinadeajedrez.org\/index.php?rest_route=\/wp\/v2\/media\/711"}],"wp:attachment":[{"href":"https:\/\/federacionargentinadeajedrez.org\/index.php?rest_route=%2Fwp%2Fv2%2Fmedia&parent=710"}],"wp:term":[{"taxonomy":"category","embeddable":true,"href":"https:\/\/federacionargentinadeajedrez.org\/index.php?rest_route=%2Fwp%2Fv2%2Fcategories&post=710"},{"taxonomy":"post_tag","embeddable":true,"href":"https:\/\/federacionargentinadeajedrez.org\/index.php?rest_route=%2Fwp%2Fv2%2Ftags&post=710"}],"curies":[{"name":"wp","href":"https:\/\/api.w.org\/{rel}","templated":true}]}}