{"id":7111,"date":"2024-01-01T22:00:09","date_gmt":"2024-01-01T22:00:09","guid":{"rendered":"https:\/\/federacionargentinadeajedrez.org\/?p=7111"},"modified":"2024-01-18T19:06:46","modified_gmt":"2024-01-18T19:06:46","slug":"asociacion-chaquena-de-ajedrez-nueva-entidad-afiliada-a-fada","status":"publish","type":"post","link":"https:\/\/federacionargentinadeajedrez.org\/?p=7111","title":{"rendered":"Asociaci\u00f3n Chaque\u00f1a de Ajedrez nueva entidad afiliada a FADA"},"content":{"rendered":"\n<figure class=\"wp-block-image size-large\"><img loading=\"lazy\" decoding=\"async\" width=\"1563\" height=\"879\" src=\"https:\/\/federacionargentinadeajedrez.org\/wp-content\/uploads\/2023\/12\/IMG-20231231-WA0019-1-edited.jpg\" alt=\"\" class=\"wp-image-7114\" srcset=\"https:\/\/federacionargentinadeajedrez.org\/wp-content\/uploads\/2023\/12\/IMG-20231231-WA0019-1-edited.jpg 1563w, https:\/\/federacionargentinadeajedrez.org\/wp-content\/uploads\/2023\/12\/IMG-20231231-WA0019-1-edited-300x169.jpg 300w, https:\/\/federacionargentinadeajedrez.org\/wp-content\/uploads\/2023\/12\/IMG-20231231-WA0019-1-edited-1024x576.jpg 1024w, https:\/\/federacionargentinadeajedrez.org\/wp-content\/uploads\/2023\/12\/IMG-20231231-WA0019-1-edited-768x432.jpg 768w, https:\/\/federacionargentinadeajedrez.org\/wp-content\/uploads\/2023\/12\/IMG-20231231-WA0019-1-edited-1536x864.jpg 1536w\" sizes=\"auto, (max-width: 1563px) 100vw, 1563px\" \/><\/figure>\n\n\n\n<p>Comenzamos el 2024 a puro Ajedrez Federado con la presentaci\u00f3n de una nueva entidad que ha solicitado afiliarse a la Federaci\u00f3n Argentina de Ajedrez. Se trata de la Asociaci\u00f3n Chaque\u00f1a de Ajedrez, que desde hace tiempo viene experimentando un s\u00f3lido crecimiento en su actividad. Formar parte de la FADA le proporcionar\u00e1 el impulso necesario para continuar en esta nueva etapa con actividades en el \u00e1mbito del ajedrez Federado.<\/p>\n\n\n\n<p>Iniciamos el a\u00f1o con esta gran noticia, sumando m\u00e1s entidades a lo largo y ancho del pa\u00eds a nuestra Federaci\u00f3n. El ajedrez argentino sigue expandi\u00e9ndose y fortaleci\u00e9ndose cada vez m\u00e1s.<\/p>\n","protected":false},"excerpt":{"rendered":"<p>Comenzamos el 2024 a puro Ajedrez Federado con la presentaci\u00f3n de una nueva entidad que ha solicitado afiliarse a la Federaci\u00f3n Argentina de&hellip;<\/p>\n","protected":false},"author":1,"featured_media":7113,"comment_status":"closed","ping_status":"closed","sticky":false,"template":"","format":"standard","meta":{"footnotes":""},"categories":[27,29],"tags":[],"class_list":["post-7111","post","type-post","status-publish","format-standard","has-post-thumbnail","hentry","category-entidades-afiliadas","category-noticias-2023"],"_links":{"self":[{"href":"https:\/\/federacionargentinadeajedrez.org\/index.php?rest_route=\/wp\/v2\/posts\/7111","targetHints":{"allow":["GET"]}}],"collection":[{"href":"https:\/\/federacionargentinadeajedrez.org\/index.php?rest_route=\/wp\/v2\/posts"}],"about":[{"href":"https:\/\/federacionargentinadeajedrez.org\/index.php?rest_route=\/wp\/v2\/types\/post"}],"author":[{"embeddable":true,"href":"https:\/\/federacionargentinadeajedrez.org\/index.php?rest_route=\/wp\/v2\/users\/1"}],"replies":[{"embeddable":true,"href":"https:\/\/federacionargentinadeajedrez.org\/index.php?rest_route=%2Fwp%2Fv2%2Fcomments&post=7111"}],"version-history":[{"count":2,"href":"https:\/\/federacionargentinadeajedrez.org\/index.php?rest_route=\/wp\/v2\/posts\/7111\/revisions"}],"predecessor-version":[{"id":7174,"href":"https:\/\/federacionargentinadeajedrez.org\/index.php?rest_route=\/wp\/v2\/posts\/7111\/revisions\/7174"}],"wp:featuredmedia":[{"embeddable":true,"href":"https:\/\/federacionargentinadeajedrez.org\/index.php?rest_route=\/wp\/v2\/media\/7113"}],"wp:attachment":[{"href":"https:\/\/federacionargentinadeajedrez.org\/index.php?rest_route=%2Fwp%2Fv2%2Fmedia&parent=7111"}],"wp:term":[{"taxonomy":"category","embeddable":true,"href":"https:\/\/federacionargentinadeajedrez.org\/index.php?rest_route=%2Fwp%2Fv2%2Fcategories&post=7111"},{"taxonomy":"post_tag","embeddable":true,"href":"https:\/\/federacionargentinadeajedrez.org\/index.php?rest_route=%2Fwp%2Fv2%2Ftags&post=7111"}],"curies":[{"name":"wp","href":"https:\/\/api.w.org\/{rel}","templated":true}]}}