{"id":7182,"date":"2024-01-28T14:41:04","date_gmt":"2024-01-28T14:41:04","guid":{"rendered":"https:\/\/federacionargentinadeajedrez.org\/?p=7182"},"modified":"2024-01-28T14:41:05","modified_gmt":"2024-01-28T14:41:05","slug":"institucional-gira-del-director-ejecutivo-de-fada-mario-petrucci-por-la-costa-atlantica","status":"publish","type":"post","link":"https:\/\/federacionargentinadeajedrez.org\/?p=7182","title":{"rendered":"Institucional: Gira del Director Ejecutivo de FADA Mario Petrucci por la Costa Atl\u00e1ntica"},"content":{"rendered":"\n<p>Si hablamos de verano, pensamos en las costas y las playas, pero la actividad del ajedrez no toma vacaciones. El director ejecutivo de la Federaci\u00f3n Argentina de Ajedrez (FADA), Mario Petrucci, se encuentra recorriendo diferentes lugares de la costa argentina, donde se llevan a cabo actividades.<\/p>\n\n\n\n<figure class=\"wp-block-image size-large\"><img loading=\"lazy\" decoding=\"async\" width=\"768\" height=\"1024\" src=\"https:\/\/federacionargentinadeajedrez.org\/wp-content\/uploads\/2024\/01\/mariorekine1-1-768x1024.jpg\" alt=\"\" class=\"wp-image-7185\" srcset=\"https:\/\/federacionargentinadeajedrez.org\/wp-content\/uploads\/2024\/01\/mariorekine1-1-768x1024.jpg 768w, https:\/\/federacionargentinadeajedrez.org\/wp-content\/uploads\/2024\/01\/mariorekine1-1-225x300.jpg 225w, https:\/\/federacionargentinadeajedrez.org\/wp-content\/uploads\/2024\/01\/mariorekine1-1-1152x1536.jpg 1152w, https:\/\/federacionargentinadeajedrez.org\/wp-content\/uploads\/2024\/01\/mariorekine1-1-1024x1365.jpg 1024w, https:\/\/federacionargentinadeajedrez.org\/wp-content\/uploads\/2024\/01\/mariorekine1-1.jpg 1200w\" sizes=\"auto, (max-width: 768px) 100vw, 768px\" \/><figcaption class=\"wp-element-caption\">El director ejecutivo de FADA Mario Petrucci junto a Ivan Rekine.<\/figcaption><\/figure>\n\n\n\n<p>En esta ocasi\u00f3n, durante el torneo de Pinamar, que tuvo lugar en la sede de Bar Inmobiliario el pasado s\u00e1bado, se llev\u00f3 a cabo el tradicional torneo que se realiza todos los s\u00e1bados de verano, organizado y dirigido por Ivan Rankine.<\/p>\n\n\n\n<figure class=\"wp-block-image size-large\"><img loading=\"lazy\" decoding=\"async\" width=\"768\" height=\"1024\" src=\"https:\/\/federacionargentinadeajedrez.org\/wp-content\/uploads\/2024\/01\/pinamar1-768x1024.jpg\" alt=\"\" class=\"wp-image-7186\" srcset=\"https:\/\/federacionargentinadeajedrez.org\/wp-content\/uploads\/2024\/01\/pinamar1-768x1024.jpg 768w, https:\/\/federacionargentinadeajedrez.org\/wp-content\/uploads\/2024\/01\/pinamar1-225x300.jpg 225w, https:\/\/federacionargentinadeajedrez.org\/wp-content\/uploads\/2024\/01\/pinamar1-1152x1536.jpg 1152w, https:\/\/federacionargentinadeajedrez.org\/wp-content\/uploads\/2024\/01\/pinamar1-1024x1365.jpg 1024w, https:\/\/federacionargentinadeajedrez.org\/wp-content\/uploads\/2024\/01\/pinamar1.jpg 1200w\" sizes=\"auto, (max-width: 768px) 100vw, 768px\" \/><\/figure>\n\n\n\n<figure class=\"wp-block-image size-large is-resized\"><img loading=\"lazy\" decoding=\"async\" width=\"576\" height=\"1024\" src=\"https:\/\/federacionargentinadeajedrez.org\/wp-content\/uploads\/2024\/01\/barinmobiliario-576x1024.jpg\" alt=\"\" class=\"wp-image-7183\" style=\"width:774px;height:auto\" srcset=\"https:\/\/federacionargentinadeajedrez.org\/wp-content\/uploads\/2024\/01\/barinmobiliario-576x1024.jpg 576w, https:\/\/federacionargentinadeajedrez.org\/wp-content\/uploads\/2024\/01\/barinmobiliario-169x300.jpg 169w, https:\/\/federacionargentinadeajedrez.org\/wp-content\/uploads\/2024\/01\/barinmobiliario-768x1366.jpg 768w, https:\/\/federacionargentinadeajedrez.org\/wp-content\/uploads\/2024\/01\/barinmobiliario-864x1536.jpg 864w, https:\/\/federacionargentinadeajedrez.org\/wp-content\/uploads\/2024\/01\/barinmobiliario.jpg 899w\" sizes=\"auto, (max-width: 576px) 100vw, 576px\" \/><\/figure>\n\n\n\n<p>El recorrido continuar\u00e1 por Mar del Plata, donde se reunir\u00e1 con el presidente de la Federaci\u00f3n Marplatense de Ajedrez, Javier Curilen, y miembros del gobierno local. Tambi\u00e9n est\u00e1 prevista una visita al municipio de La Costa para trabajar con Adri\u00e1n Sosa en vistas del Abierto Anual.<\/p>\n","protected":false},"excerpt":{"rendered":"<p>Si hablamos de verano, pensamos en las costas y las playas, pero la actividad del ajedrez no toma vacaciones. El director ejecutivo de&hellip;<\/p>\n","protected":false},"author":1,"featured_media":7186,"comment_status":"closed","ping_status":"closed","sticky":false,"template":"","format":"standard","meta":{"footnotes":""},"categories":[38,13,11],"tags":[],"class_list":["post-7182","post","type-post","status-publish","format-standard","has-post-thumbnail","hentry","category-noticias-2024","category-noticias-destacadas","category-presencia-institucional"],"_links":{"self":[{"href":"https:\/\/federacionargentinadeajedrez.org\/index.php?rest_route=\/wp\/v2\/posts\/7182","targetHints":{"allow":["GET"]}}],"collection":[{"href":"https:\/\/federacionargentinadeajedrez.org\/index.php?rest_route=\/wp\/v2\/posts"}],"about":[{"href":"https:\/\/federacionargentinadeajedrez.org\/index.php?rest_route=\/wp\/v2\/types\/post"}],"author":[{"embeddable":true,"href":"https:\/\/federacionargentinadeajedrez.org\/index.php?rest_route=\/wp\/v2\/users\/1"}],"replies":[{"embeddable":true,"href":"https:\/\/federacionargentinadeajedrez.org\/index.php?rest_route=%2Fwp%2Fv2%2Fcomments&post=7182"}],"version-history":[{"count":1,"href":"https:\/\/federacionargentinadeajedrez.org\/index.php?rest_route=\/wp\/v2\/posts\/7182\/revisions"}],"predecessor-version":[{"id":7187,"href":"https:\/\/federacionargentinadeajedrez.org\/index.php?rest_route=\/wp\/v2\/posts\/7182\/revisions\/7187"}],"wp:featuredmedia":[{"embeddable":true,"href":"https:\/\/federacionargentinadeajedrez.org\/index.php?rest_route=\/wp\/v2\/media\/7186"}],"wp:attachment":[{"href":"https:\/\/federacionargentinadeajedrez.org\/index.php?rest_route=%2Fwp%2Fv2%2Fmedia&parent=7182"}],"wp:term":[{"taxonomy":"category","embeddable":true,"href":"https:\/\/federacionargentinadeajedrez.org\/index.php?rest_route=%2Fwp%2Fv2%2Fcategories&post=7182"},{"taxonomy":"post_tag","embeddable":true,"href":"https:\/\/federacionargentinadeajedrez.org\/index.php?rest_route=%2Fwp%2Fv2%2Ftags&post=7182"}],"curies":[{"name":"wp","href":"https:\/\/api.w.org\/{rel}","templated":true}]}}