{"id":7246,"date":"2024-03-12T14:18:42","date_gmt":"2024-03-12T14:18:42","guid":{"rendered":"https:\/\/federacionargentinadeajedrez.org\/?p=7246"},"modified":"2024-03-12T14:55:29","modified_gmt":"2024-03-12T14:55:29","slug":"recorrido-institucional-del-director-ejecutivo-de-fada-en-olavarria-y-azul","status":"publish","type":"post","link":"https:\/\/federacionargentinadeajedrez.org\/?p=7246","title":{"rendered":"Recorrido Institucional del Director Ejecutivo de FADA en Olavarr\u00eda y Azul"},"content":{"rendered":"\n<p>Una de las principales premisas de esta gesti\u00f3n de FADA es mantener un contacto directo con las entidades afiliadas, instituciones que con mucho esfuerzo generan constante actividad en diferentes localidades de nuestro pa\u00eds. Es por eso que el Director Ejecutivo de la federaci\u00f3n, Mario Petrucci, realiza frecuentes visitas institucionales a distintos lugares para conocer la realidad de las mismas y apoyar el desarrollo del ajedrez en cada regi\u00f3n.<\/p>\n\n\n\n<figure class=\"wp-block-image size-full is-resized\"><img loading=\"lazy\" decoding=\"async\" width=\"730\" height=\"402\" src=\"https:\/\/federacionargentinadeajedrez.org\/wp-content\/uploads\/2024\/03\/olava1.jpg\" alt=\"\" class=\"wp-image-7252\" style=\"width:853px;height:auto\" srcset=\"https:\/\/federacionargentinadeajedrez.org\/wp-content\/uploads\/2024\/03\/olava1.jpg 730w, https:\/\/federacionargentinadeajedrez.org\/wp-content\/uploads\/2024\/03\/olava1-300x165.jpg 300w\" sizes=\"auto, (max-width: 730px) 100vw, 730px\" \/><figcaption class=\"wp-element-caption\">Con miembros de la Federaci\u00f3n de Ajedrez de Olavarr\u00eda.<\/figcaption><\/figure>\n\n\n\n<p>????Olavarr\u00eda<\/p>\n\n\n\n<p>Durante los \u00faltimos d\u00edas, Mario Petrucci estuvo en Olavarr\u00eda, ciudad ubicada en el centro-sudeste de la provincia de Buenos Aires, cuya entidad principal es la Federaci\u00f3n de Ajedrez Olavarr\u00eda, actualmente presidida por la \u00e1rbitra nacional Ana Clara Mariani (miembro de la comisi\u00f3n de etica de FADA). Adem\u00e1s de conocer la nueva sede de esta pujante instituci\u00f3n y realizar la entrega de una medalla conmemorativa a los miembros de la Federaci\u00f3n de Olavarr\u00eda por su apoyo invaluable y sostenido en el tiempo a la actividad local, el Director Ejecutivo de FADA particip\u00f3 del cierre y entrega de certificados del taller de ajedrez en contextos de encierro que se dict\u00f3 en la Unidad Penal 2 de Sierra Chica durante enero y febrero.<\/p>\n\n\n\n<p>El taller cont\u00f3 con la participaci\u00f3n de 50 personas y tiene sus cimientos en el programa \u00abChess for Freedom\u00bb, impulsado por la Federaci\u00f3n Internacional de Ajedrez (F.I.D.E.), en el cual FADA participa activamente con talleres en c\u00e1rceles de distintos lugares del pa\u00eds. Para finalizar la visita, Petrucci tuvo una reuni\u00f3n con el intendente municipal, Maximiliano Wesner.<\/p>\n\n\n\n<figure class=\"wp-block-image size-full is-resized\"><img loading=\"lazy\" decoding=\"async\" width=\"960\" height=\"879\" src=\"https:\/\/federacionargentinadeajedrez.org\/wp-content\/uploads\/2024\/03\/olava3-1.jpg\" alt=\"\" class=\"wp-image-7251\" style=\"width:840px;height:auto\" srcset=\"https:\/\/federacionargentinadeajedrez.org\/wp-content\/uploads\/2024\/03\/olava3-1.jpg 960w, https:\/\/federacionargentinadeajedrez.org\/wp-content\/uploads\/2024\/03\/olava3-1-300x275.jpg 300w, https:\/\/federacionargentinadeajedrez.org\/wp-content\/uploads\/2024\/03\/olava3-1-768x703.jpg 768w\" sizes=\"auto, (max-width: 960px) 100vw, 960px\" \/><figcaption class=\"wp-element-caption\">Cierre del Taller de Ajedrez en el penal de Sierra Chica.<\/figcaption><\/figure>\n\n\n\n<figure class=\"wp-block-image size-large\"><img loading=\"lazy\" decoding=\"async\" width=\"1024\" height=\"502\" src=\"https:\/\/federacionargentinadeajedrez.org\/wp-content\/uploads\/2024\/03\/olava2-1024x502.jpg\" alt=\"\" class=\"wp-image-7253\" srcset=\"https:\/\/federacionargentinadeajedrez.org\/wp-content\/uploads\/2024\/03\/olava2-1024x502.jpg 1024w, https:\/\/federacionargentinadeajedrez.org\/wp-content\/uploads\/2024\/03\/olava2-300x147.jpg 300w, https:\/\/federacionargentinadeajedrez.org\/wp-content\/uploads\/2024\/03\/olava2-768x376.jpg 768w, https:\/\/federacionargentinadeajedrez.org\/wp-content\/uploads\/2024\/03\/olava2-1536x753.jpg 1536w, https:\/\/federacionargentinadeajedrez.org\/wp-content\/uploads\/2024\/03\/olava2.jpg 1600w\" sizes=\"auto, (max-width: 1024px) 100vw, 1024px\" \/><figcaption class=\"wp-element-caption\">Cierre del Taller de Ajedrez en la C\u00e1rcel de Sierra Chica y entrega de Certificados. \u00abChess For Fredom\u00bb.<\/figcaption><\/figure>\n\n\n\n<figure class=\"wp-block-image size-large\"><img loading=\"lazy\" decoding=\"async\" width=\"938\" height=\"1024\" src=\"https:\/\/federacionargentinadeajedrez.org\/wp-content\/uploads\/2024\/03\/olava4-938x1024.jpg\" alt=\"\" class=\"wp-image-7255\" srcset=\"https:\/\/federacionargentinadeajedrez.org\/wp-content\/uploads\/2024\/03\/olava4-938x1024.jpg 938w, https:\/\/federacionargentinadeajedrez.org\/wp-content\/uploads\/2024\/03\/olava4-275x300.jpg 275w, https:\/\/federacionargentinadeajedrez.org\/wp-content\/uploads\/2024\/03\/olava4-768x838.jpg 768w, https:\/\/federacionargentinadeajedrez.org\/wp-content\/uploads\/2024\/03\/olava4-1024x1118.jpg 1024w, https:\/\/federacionargentinadeajedrez.org\/wp-content\/uploads\/2024\/03\/olava4.jpg 1200w\" sizes=\"auto, (max-width: 938px) 100vw, 938px\" \/><\/figure>\n\n\n\n<p>????Azul<\/p>\n\n\n\n<p>La agenda institucional continu\u00f3 en la ciudad de Azul, donde el Director Ejecutivo de FADA lleg\u00f3 para interiorizarse sobre el trabajo que viene realizando la dirigencia local en el desarrollo de nuestra disciplina a trav\u00e9s de la Escuela Municipal de Ajedrez, bajo la coordinaci\u00f3n de los profesores Gustavo Godoy y Hern\u00e1n Ponce, as\u00ed como tambi\u00e9n el Club de Ajedrez de Azul. Adem\u00e1s de conocer las instalaciones y reunirse con el director municipal de Deportes, Macedonio Marcovecchio, Petrucci entreg\u00f3 una medalla conmemorativa a su presidente, Guillermo Walder, en el marco de los 100 a\u00f1os de FADA y del libro \u00abPartidas Argentinas Inolvidables\u00bb del Gran Maestro Diego Valerga, donde se destacan las partidas del azule\u00f1o Julio Bolboch\u00e1n, uno de los grandes maestros de este deporte. Sobre este ajedrecista, FADA a trav\u00e9s de su Director Ejecutivo se comprometi\u00f3 a organizar un torneo para homenajear al Gran Maestro, siendo un brillante exponente de la \u00e9poca de oro del ajedrez nacional.<\/p>\n\n\n\n<figure class=\"wp-block-image size-full\"><img loading=\"lazy\" decoding=\"async\" width=\"948\" height=\"533\" src=\"https:\/\/federacionargentinadeajedrez.org\/wp-content\/uploads\/2024\/03\/azul1.jpg\" alt=\"\" class=\"wp-image-7254\" srcset=\"https:\/\/federacionargentinadeajedrez.org\/wp-content\/uploads\/2024\/03\/azul1.jpg 948w, https:\/\/federacionargentinadeajedrez.org\/wp-content\/uploads\/2024\/03\/azul1-300x169.jpg 300w, https:\/\/federacionargentinadeajedrez.org\/wp-content\/uploads\/2024\/03\/azul1-768x432.jpg 768w\" sizes=\"auto, (max-width: 948px) 100vw, 948px\" \/><figcaption class=\"wp-element-caption\">Entrega de distinci\u00f3n medalla conmemorativa 100 a\u00f1os FADA a Guillermo Walder del Club de Ajedrez de Azul.<\/figcaption><\/figure>\n\n\n\n<p>Por su parte, el presidente del C\u00edrculo de ajedrez de Azul, Guillermo Walder, a su turno expres\u00f3 el agradecimiento por la visita del dirigente de la FADA, en el marco de la recorrida por los clubes afiliados. Valoriz\u00f3 el hecho diciendo que \u00abaqu\u00ed tambi\u00e9n es el interior del pa\u00eds, al igual que las provincias lejanas de CABA\u00bb.<\/p>\n\n\n\n<p>Luego de realizar diferentes entrevistas con medios locales, Mario Petrucci, acompa\u00f1ado por el Tesorero de la instituci\u00f3n, Santiago Castillo, y la presidenta de la Federaci\u00f3n de Olavarr\u00eda y miembro de la Comisi\u00f3n de \u00c9tica de FADA, Ana Clara Mariani, finaliz\u00f3 su recorrida por Olavarr\u00eda y Azul, dos ciudades con mucho empuje en el desarrollo del ajedrez.<\/p>\n","protected":false},"excerpt":{"rendered":"<p>Una de las principales premisas de esta gesti\u00f3n de FADA es mantener un contacto directo con las entidades afiliadas, instituciones que con mucho&hellip;<\/p>\n","protected":false},"author":1,"featured_media":7252,"comment_status":"closed","ping_status":"closed","sticky":false,"template":"","format":"standard","meta":{"footnotes":""},"categories":[9,38,13,11],"tags":[],"class_list":["post-7246","post","type-post","status-publish","format-standard","has-post-thumbnail","hentry","category-blog","category-noticias-2024","category-noticias-destacadas","category-presencia-institucional"],"_links":{"self":[{"href":"https:\/\/federacionargentinadeajedrez.org\/index.php?rest_route=\/wp\/v2\/posts\/7246","targetHints":{"allow":["GET"]}}],"collection":[{"href":"https:\/\/federacionargentinadeajedrez.org\/index.php?rest_route=\/wp\/v2\/posts"}],"about":[{"href":"https:\/\/federacionargentinadeajedrez.org\/index.php?rest_route=\/wp\/v2\/types\/post"}],"author":[{"embeddable":true,"href":"https:\/\/federacionargentinadeajedrez.org\/index.php?rest_route=\/wp\/v2\/users\/1"}],"replies":[{"embeddable":true,"href":"https:\/\/federacionargentinadeajedrez.org\/index.php?rest_route=%2Fwp%2Fv2%2Fcomments&post=7246"}],"version-history":[{"count":2,"href":"https:\/\/federacionargentinadeajedrez.org\/index.php?rest_route=\/wp\/v2\/posts\/7246\/revisions"}],"predecessor-version":[{"id":7256,"href":"https:\/\/federacionargentinadeajedrez.org\/index.php?rest_route=\/wp\/v2\/posts\/7246\/revisions\/7256"}],"wp:featuredmedia":[{"embeddable":true,"href":"https:\/\/federacionargentinadeajedrez.org\/index.php?rest_route=\/wp\/v2\/media\/7252"}],"wp:attachment":[{"href":"https:\/\/federacionargentinadeajedrez.org\/index.php?rest_route=%2Fwp%2Fv2%2Fmedia&parent=7246"}],"wp:term":[{"taxonomy":"category","embeddable":true,"href":"https:\/\/federacionargentinadeajedrez.org\/index.php?rest_route=%2Fwp%2Fv2%2Fcategories&post=7246"},{"taxonomy":"post_tag","embeddable":true,"href":"https:\/\/federacionargentinadeajedrez.org\/index.php?rest_route=%2Fwp%2Fv2%2Ftags&post=7246"}],"curies":[{"name":"wp","href":"https:\/\/api.w.org\/{rel}","templated":true}]}}