{"id":7331,"date":"2024-04-03T21:05:55","date_gmt":"2024-04-03T21:05:55","guid":{"rendered":"https:\/\/federacionargentinadeajedrez.org\/?p=7331"},"modified":"2024-04-11T21:17:42","modified_gmt":"2024-04-11T21:17:42","slug":"encuentro-entre-dirigentes-de-cordoba-y-fada-en-el-comite-olimpico-argentino","status":"publish","type":"post","link":"https:\/\/federacionargentinadeajedrez.org\/?p=7331","title":{"rendered":"Encuentro entre dirigentes de c\u00f3rdoba y FADA en el Comit\u00e9 Ol\u00edmpico Argentino"},"content":{"rendered":"\n<p>Dentro del marco de la reuni\u00f3n de federaciones deportivas convocada por el Comit\u00e9 Ol\u00edmpico Argentino, el d\u00eda de ayer se llev\u00f3 a cabo un encuentro entre el dirigente cordob\u00e9s Daniel Ferreira y Mario Petrucci Director Ejecutivo de FADA. La agenda se centr\u00f3 en el aumento de la actividad deportiva en la provincia, explorando diversas opciones dentro del calendario anual. Estas propuestas ser\u00e1n evaluadas en la pr\u00f3xima reuni\u00f3n de la junta directiva.<\/p>\n\n\n\n<figure class=\"wp-block-image size-full\"><img loading=\"lazy\" decoding=\"async\" width=\"960\" height=\"991\" src=\"https:\/\/federacionargentinadeajedrez.org\/wp-content\/uploads\/2024\/04\/PETRUCCI-FERREIRA-1.jpg\" alt=\"\" class=\"wp-image-7333\" srcset=\"https:\/\/federacionargentinadeajedrez.org\/wp-content\/uploads\/2024\/04\/PETRUCCI-FERREIRA-1.jpg 960w, https:\/\/federacionargentinadeajedrez.org\/wp-content\/uploads\/2024\/04\/PETRUCCI-FERREIRA-1-291x300.jpg 291w, https:\/\/federacionargentinadeajedrez.org\/wp-content\/uploads\/2024\/04\/PETRUCCI-FERREIRA-1-768x793.jpg 768w\" sizes=\"auto, (max-width: 960px) 100vw, 960px\" \/><figcaption class=\"wp-element-caption\">Mario Petrucci y Daniel Ferreira (C\u00f3rdoba) en el Comit\u00e9 Ol\u00edmpico Argentino.<\/figcaption><\/figure>\n","protected":false},"excerpt":{"rendered":"<p>Dentro del marco de la reuni\u00f3n de federaciones deportivas convocada por el Comit\u00e9 Ol\u00edmpico Argentino, el d\u00eda de ayer se llev\u00f3 a cabo&hellip;<\/p>\n","protected":false},"author":1,"featured_media":7332,"comment_status":"closed","ping_status":"closed","sticky":false,"template":"","format":"standard","meta":{"footnotes":""},"categories":[9,38,11],"tags":[],"class_list":["post-7331","post","type-post","status-publish","format-standard","has-post-thumbnail","hentry","category-blog","category-noticias-2024","category-presencia-institucional"],"_links":{"self":[{"href":"https:\/\/federacionargentinadeajedrez.org\/index.php?rest_route=\/wp\/v2\/posts\/7331","targetHints":{"allow":["GET"]}}],"collection":[{"href":"https:\/\/federacionargentinadeajedrez.org\/index.php?rest_route=\/wp\/v2\/posts"}],"about":[{"href":"https:\/\/federacionargentinadeajedrez.org\/index.php?rest_route=\/wp\/v2\/types\/post"}],"author":[{"embeddable":true,"href":"https:\/\/federacionargentinadeajedrez.org\/index.php?rest_route=\/wp\/v2\/users\/1"}],"replies":[{"embeddable":true,"href":"https:\/\/federacionargentinadeajedrez.org\/index.php?rest_route=%2Fwp%2Fv2%2Fcomments&post=7331"}],"version-history":[{"count":1,"href":"https:\/\/federacionargentinadeajedrez.org\/index.php?rest_route=\/wp\/v2\/posts\/7331\/revisions"}],"predecessor-version":[{"id":7334,"href":"https:\/\/federacionargentinadeajedrez.org\/index.php?rest_route=\/wp\/v2\/posts\/7331\/revisions\/7334"}],"wp:featuredmedia":[{"embeddable":true,"href":"https:\/\/federacionargentinadeajedrez.org\/index.php?rest_route=\/wp\/v2\/media\/7332"}],"wp:attachment":[{"href":"https:\/\/federacionargentinadeajedrez.org\/index.php?rest_route=%2Fwp%2Fv2%2Fmedia&parent=7331"}],"wp:term":[{"taxonomy":"category","embeddable":true,"href":"https:\/\/federacionargentinadeajedrez.org\/index.php?rest_route=%2Fwp%2Fv2%2Fcategories&post=7331"},{"taxonomy":"post_tag","embeddable":true,"href":"https:\/\/federacionargentinadeajedrez.org\/index.php?rest_route=%2Fwp%2Fv2%2Ftags&post=7331"}],"curies":[{"name":"wp","href":"https:\/\/api.w.org\/{rel}","templated":true}]}}